{"id":9121,"date":"2016-08-03T11:37:16","date_gmt":"2016-08-03T08:37:16","guid":{"rendered":"http:\/\/www.comunismulinromania.ro\/?p=9121"},"modified":"2023-05-16T13:23:51","modified_gmt":"2023-05-16T10:23:51","slug":"11-octombrie-1973-nicolae-ceausescu-tinand-o-cuvantare-la-intalnirea-cu-delegatiile-organizatiilor-de-tineret-din-tarile-socialiste-si-f-m-d-t","status":"publish","type":"post","link":"https:\/\/www.comunismulinromania.ro\/index.php\/11-octombrie-1973-nicolae-ceausescu-tinand-o-cuvantare-la-intalnirea-cu-delegatiile-organizatiilor-de-tineret-din-tarile-socialiste-si-f-m-d-t\/","title":{"rendered":"11 octombrie 1973. Nicolae Ceau\u0219escu \u021bin\u00e2nd o cuv\u00e2ntare la \u00eent\u00e2lnirea cu delega\u021biile organiza\u021biilor de tineret din \u021b\u0103rile socialiste \u0219i F.M.D.T."},"content":{"rendered":"<p>[vc_row][vc_column][vc_single_image image=&#8221;9122&#8243; alignment=&#8221;center&#8221; onclick=&#8221;img_link_large&#8221; css=&#8221;.vc_custom_1684232631134{padding-bottom: 2% !important;}&#8221;][\/vc_column][\/vc_row]<\/p>\n","protected":false},"excerpt":{"rendered":"<p>[vc_row][vc_column][vc_single_image image=&#8221;9122&#8243; alignment=&#8221;center&#8221; onclick=&#8221;img_link_large&#8221; css=&#8221;.vc_custom_1684232631134{padding-bottom: 2% !important;}&#8221;][\/vc_column][\/vc_row]<\/p>\n","protected":false},"author":6,"featured_media":9122,"comment_status":"closed","ping_status":"closed","sticky":false,"template":"","format":"standard","meta":{"_exactmetrics_skip_tracking":false,"_exactmetrics_sitenote_active":false,"_exactmetrics_sitenote_note":"","_exactmetrics_sitenote_category":0,"footnotes":""},"categories":[69],"tags":[],"class_list":["post-9121","post","type-post","status-publish","format-standard","has-post-thumbnail","hentry","category-politica-externa"],"gutentor_comment":0,"_links":{"self":[{"href":"https:\/\/www.comunismulinromania.ro\/index.php\/wp-json\/wp\/v2\/posts\/9121","targetHints":{"allow":["GET"]}}],"collection":[{"href":"https:\/\/www.comunismulinromania.ro\/index.php\/wp-json\/wp\/v2\/posts"}],"about":[{"href":"https:\/\/www.comunismulinromania.ro\/index.php\/wp-json\/wp\/v2\/types\/post"}],"author":[{"embeddable":true,"href":"https:\/\/www.comunismulinromania.ro\/index.php\/wp-json\/wp\/v2\/users\/6"}],"replies":[{"embeddable":true,"href":"https:\/\/www.comunismulinromania.ro\/index.php\/wp-json\/wp\/v2\/comments?post=9121"}],"version-history":[{"count":1,"href":"https:\/\/www.comunismulinromania.ro\/index.php\/wp-json\/wp\/v2\/posts\/9121\/revisions"}],"predecessor-version":[{"id":13997,"href":"https:\/\/www.comunismulinromania.ro\/index.php\/wp-json\/wp\/v2\/posts\/9121\/revisions\/13997"}],"wp:featuredmedia":[{"embeddable":true,"href":"https:\/\/www.comunismulinromania.ro\/index.php\/wp-json\/wp\/v2\/media\/9122"}],"wp:attachment":[{"href":"https:\/\/www.comunismulinromania.ro\/index.php\/wp-json\/wp\/v2\/media?parent=9121"}],"wp:term":[{"taxonomy":"category","embeddable":true,"href":"https:\/\/www.comunismulinromania.ro\/index.php\/wp-json\/wp\/v2\/categories?post=9121"},{"taxonomy":"post_tag","embeddable":true,"href":"https:\/\/www.comunismulinromania.ro\/index.php\/wp-json\/wp\/v2\/tags?post=9121"}],"curies":[{"name":"wp","href":"https:\/\/api.w.org\/{rel}","templated":true}]}}