{"id":8273,"date":"2016-07-08T15:25:41","date_gmt":"2016-07-08T12:25:41","guid":{"rendered":"http:\/\/www.comunismulinromania.ro\/?p=8273"},"modified":"2023-05-17T12:40:48","modified_gmt":"2023-05-17T09:40:48","slug":"8-iulie-1971-primirea-delegatiei-guvernamentale-romane-condusa-de-corneliu-manescu-de-catre-piotr-saroszewicz-presedintele-consiliului-de-ministri-al-al-r-p-polone","status":"publish","type":"post","link":"https:\/\/www.comunismulinromania.ro\/index.php\/8-iulie-1971-primirea-delegatiei-guvernamentale-romane-condusa-de-corneliu-manescu-de-catre-piotr-saroszewicz-presedintele-consiliului-de-ministri-al-al-r-p-polone\/","title":{"rendered":"8 iulie 1971. Primirea delega\u021biei guvernamentale rom\u00e2ne, condus\u0103 de Corneliu M\u0103nescu, de c\u0103tre Piotr Saroszewicz, pre\u0219edintele Consiliului de Mini\u0219tri al al R.P. Polone"},"content":{"rendered":"<p>[vc_row][vc_column][vc_single_image image=&#8221;8274&#8243; alignment=&#8221;center&#8221; onclick=&#8221;img_link_large&#8221; css=&#8221;.vc_custom_1684316446870{padding-bottom: 2% !important;}&#8221;][\/vc_column][\/vc_row]<\/p>\n","protected":false},"excerpt":{"rendered":"<p>[vc_row][vc_column][vc_single_image image=&#8221;8274&#8243; alignment=&#8221;center&#8221; onclick=&#8221;img_link_large&#8221; css=&#8221;.vc_custom_1684316446870{padding-bottom: 2% !important;}&#8221;][\/vc_column][\/vc_row]<\/p>\n","protected":false},"author":6,"featured_media":8274,"comment_status":"closed","ping_status":"closed","sticky":false,"template":"","format":"standard","meta":{"_exactmetrics_skip_tracking":false,"_exactmetrics_sitenote_active":false,"_exactmetrics_sitenote_note":"","_exactmetrics_sitenote_category":0,"footnotes":""},"categories":[69],"tags":[],"class_list":["post-8273","post","type-post","status-publish","format-standard","has-post-thumbnail","hentry","category-politica-externa"],"gutentor_comment":0,"_links":{"self":[{"href":"https:\/\/www.comunismulinromania.ro\/index.php\/wp-json\/wp\/v2\/posts\/8273","targetHints":{"allow":["GET"]}}],"collection":[{"href":"https:\/\/www.comunismulinromania.ro\/index.php\/wp-json\/wp\/v2\/posts"}],"about":[{"href":"https:\/\/www.comunismulinromania.ro\/index.php\/wp-json\/wp\/v2\/types\/post"}],"author":[{"embeddable":true,"href":"https:\/\/www.comunismulinromania.ro\/index.php\/wp-json\/wp\/v2\/users\/6"}],"replies":[{"embeddable":true,"href":"https:\/\/www.comunismulinromania.ro\/index.php\/wp-json\/wp\/v2\/comments?post=8273"}],"version-history":[{"count":2,"href":"https:\/\/www.comunismulinromania.ro\/index.php\/wp-json\/wp\/v2\/posts\/8273\/revisions"}],"predecessor-version":[{"id":14346,"href":"https:\/\/www.comunismulinromania.ro\/index.php\/wp-json\/wp\/v2\/posts\/8273\/revisions\/14346"}],"wp:featuredmedia":[{"embeddable":true,"href":"https:\/\/www.comunismulinromania.ro\/index.php\/wp-json\/wp\/v2\/media\/8274"}],"wp:attachment":[{"href":"https:\/\/www.comunismulinromania.ro\/index.php\/wp-json\/wp\/v2\/media?parent=8273"}],"wp:term":[{"taxonomy":"category","embeddable":true,"href":"https:\/\/www.comunismulinromania.ro\/index.php\/wp-json\/wp\/v2\/categories?post=8273"},{"taxonomy":"post_tag","embeddable":true,"href":"https:\/\/www.comunismulinromania.ro\/index.php\/wp-json\/wp\/v2\/tags?post=8273"}],"curies":[{"name":"wp","href":"https:\/\/api.w.org\/{rel}","templated":true}]}}