{"id":8059,"date":"2016-07-06T11:30:31","date_gmt":"2016-07-06T08:30:31","guid":{"rendered":"http:\/\/www.comunismulinromania.ro\/?p=8059"},"modified":"2023-05-17T13:05:17","modified_gmt":"2023-05-17T10:05:17","slug":"vizita-in-spania-intalnire-cu-pedro-duran-farel-presedintele-firmei-corporacion-catalana","status":"publish","type":"post","link":"https:\/\/www.comunismulinromania.ro\/index.php\/vizita-in-spania-intalnire-cu-pedro-duran-farel-presedintele-firmei-corporacion-catalana\/","title":{"rendered":"Vizita \u00een Spania. \u00cent\u00e2lnire cu Pedro Duran Farel, pre\u0219edintele firmei Corporacion Catalana"},"content":{"rendered":"<p>[vc_row][vc_column][vc_single_image image=&#8221;8060&#8243; alignment=&#8221;center&#8221; onclick=&#8221;img_link_large&#8221; css=&#8221;.vc_custom_1684317915943{padding-bottom: 2% !important;}&#8221;][\/vc_column][\/vc_row]<\/p>\n","protected":false},"excerpt":{"rendered":"<p>[vc_row][vc_column][vc_single_image image=&#8221;8060&#8243; alignment=&#8221;center&#8221; onclick=&#8221;img_link_large&#8221; css=&#8221;.vc_custom_1684317915943{padding-bottom: 2% !important;}&#8221;][\/vc_column][\/vc_row]<\/p>\n","protected":false},"author":6,"featured_media":8060,"comment_status":"closed","ping_status":"closed","sticky":false,"template":"","format":"standard","meta":{"_exactmetrics_skip_tracking":false,"_exactmetrics_sitenote_active":false,"_exactmetrics_sitenote_note":"","_exactmetrics_sitenote_category":0,"footnotes":""},"categories":[69],"tags":[],"class_list":["post-8059","post","type-post","status-publish","format-standard","has-post-thumbnail","hentry","category-politica-externa"],"gutentor_comment":0,"_links":{"self":[{"href":"https:\/\/www.comunismulinromania.ro\/index.php\/wp-json\/wp\/v2\/posts\/8059","targetHints":{"allow":["GET"]}}],"collection":[{"href":"https:\/\/www.comunismulinromania.ro\/index.php\/wp-json\/wp\/v2\/posts"}],"about":[{"href":"https:\/\/www.comunismulinromania.ro\/index.php\/wp-json\/wp\/v2\/types\/post"}],"author":[{"embeddable":true,"href":"https:\/\/www.comunismulinromania.ro\/index.php\/wp-json\/wp\/v2\/users\/6"}],"replies":[{"embeddable":true,"href":"https:\/\/www.comunismulinromania.ro\/index.php\/wp-json\/wp\/v2\/comments?post=8059"}],"version-history":[{"count":1,"href":"https:\/\/www.comunismulinromania.ro\/index.php\/wp-json\/wp\/v2\/posts\/8059\/revisions"}],"predecessor-version":[{"id":14430,"href":"https:\/\/www.comunismulinromania.ro\/index.php\/wp-json\/wp\/v2\/posts\/8059\/revisions\/14430"}],"wp:featuredmedia":[{"embeddable":true,"href":"https:\/\/www.comunismulinromania.ro\/index.php\/wp-json\/wp\/v2\/media\/8060"}],"wp:attachment":[{"href":"https:\/\/www.comunismulinromania.ro\/index.php\/wp-json\/wp\/v2\/media?parent=8059"}],"wp:term":[{"taxonomy":"category","embeddable":true,"href":"https:\/\/www.comunismulinromania.ro\/index.php\/wp-json\/wp\/v2\/categories?post=8059"},{"taxonomy":"post_tag","embeddable":true,"href":"https:\/\/www.comunismulinromania.ro\/index.php\/wp-json\/wp\/v2\/tags?post=8059"}],"curies":[{"name":"wp","href":"https:\/\/api.w.org\/{rel}","templated":true}]}}