{"id":7920,"date":"2016-07-01T15:06:17","date_gmt":"2016-07-01T12:06:17","guid":{"rendered":"http:\/\/www.comunismulinromania.ro\/?p=7920"},"modified":"2023-05-17T13:23:03","modified_gmt":"2023-05-17T10:23:03","slug":"martie-1973-primirea-delegatiei-p-s-d-din-tunisia-condusa-de-habib-chatti-intalnirea-cu-stefan-andrei","status":"publish","type":"post","link":"https:\/\/www.comunismulinromania.ro\/index.php\/martie-1973-primirea-delegatiei-p-s-d-din-tunisia-condusa-de-habib-chatti-intalnirea-cu-stefan-andrei\/","title":{"rendered":"Martie 1973. Primirea delega\u021biei P.S.D. din Tunisia condus\u0103 de Habib Chatti. \u00cent\u00e2lnirea cu \u0218tefan Andrei"},"content":{"rendered":"<p>[vc_row][vc_column][vc_media_grid element_width=&#8221;6&#8243; grid_id=&#8221;vc_gid:1684318599236-9da2ed43-ec0e-5&#8243; include=&#8221;7926,7927,7928,7929&#8243; css=&#8221;.vc_custom_1684318610447{padding-bottom: 2% !important;}&#8221;][\/vc_column][\/vc_row]<\/p>\n","protected":false},"excerpt":{"rendered":"<p>[vc_row][vc_column][vc_media_grid element_width=&#8221;6&#8243; grid_id=&#8221;vc_gid:1684318599236-9da2ed43-ec0e-5&#8243; include=&#8221;7926,7927,7928,7929&#8243; css=&#8221;.vc_custom_1684318610447{padding-bottom: 2% !important;}&#8221;][\/vc_column][\/vc_row]<\/p>\n","protected":false},"author":6,"featured_media":7928,"comment_status":"closed","ping_status":"closed","sticky":false,"template":"","format":"standard","meta":{"_exactmetrics_skip_tracking":false,"_exactmetrics_sitenote_active":false,"_exactmetrics_sitenote_note":"","_exactmetrics_sitenote_category":0,"footnotes":""},"categories":[69],"tags":[],"class_list":["post-7920","post","type-post","status-publish","format-standard","has-post-thumbnail","hentry","category-politica-externa"],"gutentor_comment":0,"_links":{"self":[{"href":"https:\/\/www.comunismulinromania.ro\/index.php\/wp-json\/wp\/v2\/posts\/7920","targetHints":{"allow":["GET"]}}],"collection":[{"href":"https:\/\/www.comunismulinromania.ro\/index.php\/wp-json\/wp\/v2\/posts"}],"about":[{"href":"https:\/\/www.comunismulinromania.ro\/index.php\/wp-json\/wp\/v2\/types\/post"}],"author":[{"embeddable":true,"href":"https:\/\/www.comunismulinromania.ro\/index.php\/wp-json\/wp\/v2\/users\/6"}],"replies":[{"embeddable":true,"href":"https:\/\/www.comunismulinromania.ro\/index.php\/wp-json\/wp\/v2\/comments?post=7920"}],"version-history":[{"count":2,"href":"https:\/\/www.comunismulinromania.ro\/index.php\/wp-json\/wp\/v2\/posts\/7920\/revisions"}],"predecessor-version":[{"id":14481,"href":"https:\/\/www.comunismulinromania.ro\/index.php\/wp-json\/wp\/v2\/posts\/7920\/revisions\/14481"}],"wp:featuredmedia":[{"embeddable":true,"href":"https:\/\/www.comunismulinromania.ro\/index.php\/wp-json\/wp\/v2\/media\/7928"}],"wp:attachment":[{"href":"https:\/\/www.comunismulinromania.ro\/index.php\/wp-json\/wp\/v2\/media?parent=7920"}],"wp:term":[{"taxonomy":"category","embeddable":true,"href":"https:\/\/www.comunismulinromania.ro\/index.php\/wp-json\/wp\/v2\/categories?post=7920"},{"taxonomy":"post_tag","embeddable":true,"href":"https:\/\/www.comunismulinromania.ro\/index.php\/wp-json\/wp\/v2\/tags?post=7920"}],"curies":[{"name":"wp","href":"https:\/\/api.w.org\/{rel}","templated":true}]}}