{"id":6762,"date":"2015-12-16T17:15:19","date_gmt":"2015-12-16T15:15:19","guid":{"rendered":"http:\/\/www.comunismulinromania.ro\/?p=6762"},"modified":"2023-05-18T13:20:18","modified_gmt":"2023-05-18T10:20:18","slug":"sarbatorirea-celei-de-a-xx-a-aniversari-a-eliberarii-romaniei-de-sub-dominatia-fascista1964","status":"publish","type":"post","link":"https:\/\/www.comunismulinromania.ro\/index.php\/sarbatorirea-celei-de-a-xx-a-aniversari-a-eliberarii-romaniei-de-sub-dominatia-fascista1964\/","title":{"rendered":"S\u0103rb\u0103torirea celei de-a XX-a anivers\u0103ri a eliber\u0103rii Rom\u00e2niei de sub domina\u0163ia fascist\u0103(1964)"},"content":{"rendered":"<p>[vc_row][vc_column][vc_media_grid grid_id=&#8221;vc_gid:1684405211530-79b3033f-9d27-2&#8243; include=&#8221;6763,6764,6765,6766,6767,6768&#8243; css=&#8221;.vc_custom_1684405217717{padding-bottom: 2% !important;}&#8221;][\/vc_column][\/vc_row]<\/p>\n","protected":false},"excerpt":{"rendered":"<p>[vc_row][vc_column][vc_media_grid grid_id=&#8221;vc_gid:1684405211530-79b3033f-9d27-2&#8243; include=&#8221;6763,6764,6765,6766,6767,6768&#8243; css=&#8221;.vc_custom_1684405217717{padding-bottom: 2% !important;}&#8221;][\/vc_column][\/vc_row]<\/p>\n","protected":false},"author":6,"featured_media":6764,"comment_status":"closed","ping_status":"closed","sticky":false,"template":"","format":"standard","meta":{"_exactmetrics_skip_tracking":false,"_exactmetrics_sitenote_active":false,"_exactmetrics_sitenote_note":"","_exactmetrics_sitenote_category":0,"footnotes":""},"categories":[60],"tags":[],"class_list":["post-6762","post","type-post","status-publish","format-standard","has-post-thumbnail","hentry","category-diferite-aspecte-ale-vietii-politice"],"gutentor_comment":0,"_links":{"self":[{"href":"https:\/\/www.comunismulinromania.ro\/index.php\/wp-json\/wp\/v2\/posts\/6762","targetHints":{"allow":["GET"]}}],"collection":[{"href":"https:\/\/www.comunismulinromania.ro\/index.php\/wp-json\/wp\/v2\/posts"}],"about":[{"href":"https:\/\/www.comunismulinromania.ro\/index.php\/wp-json\/wp\/v2\/types\/post"}],"author":[{"embeddable":true,"href":"https:\/\/www.comunismulinromania.ro\/index.php\/wp-json\/wp\/v2\/users\/6"}],"replies":[{"embeddable":true,"href":"https:\/\/www.comunismulinromania.ro\/index.php\/wp-json\/wp\/v2\/comments?post=6762"}],"version-history":[{"count":2,"href":"https:\/\/www.comunismulinromania.ro\/index.php\/wp-json\/wp\/v2\/posts\/6762\/revisions"}],"predecessor-version":[{"id":14838,"href":"https:\/\/www.comunismulinromania.ro\/index.php\/wp-json\/wp\/v2\/posts\/6762\/revisions\/14838"}],"wp:featuredmedia":[{"embeddable":true,"href":"https:\/\/www.comunismulinromania.ro\/index.php\/wp-json\/wp\/v2\/media\/6764"}],"wp:attachment":[{"href":"https:\/\/www.comunismulinromania.ro\/index.php\/wp-json\/wp\/v2\/media?parent=6762"}],"wp:term":[{"taxonomy":"category","embeddable":true,"href":"https:\/\/www.comunismulinromania.ro\/index.php\/wp-json\/wp\/v2\/categories?post=6762"},{"taxonomy":"post_tag","embeddable":true,"href":"https:\/\/www.comunismulinromania.ro\/index.php\/wp-json\/wp\/v2\/tags?post=6762"}],"curies":[{"name":"wp","href":"https:\/\/api.w.org\/{rel}","templated":true}]}}