{"id":3108,"date":"2015-03-11T18:02:18","date_gmt":"2015-03-11T16:02:18","guid":{"rendered":"http:\/\/new.comunismulinromania.ro\/?p=3108"},"modified":"2015-08-07T09:38:47","modified_gmt":"2015-08-07T06:38:47","slug":"modelul-kim-ir-sen","status":"publish","type":"post","link":"https:\/\/www.comunismulinromania.ro\/index.php\/modelul-kim-ir-sen\/","title":{"rendered":"\u201eModelul\u201d Kim Ir-sen"},"content":{"rendered":"<p style=\"text-align: justify;\">\u00cen 1971 Ceau\u015fe\u015ftii vizitau pentru prima dat\u0103 Coreea de Nord. Probabil c\u0103 au r\u0103mas uimi\u0163i de ceea ce au v\u0103zut \u015fi au vrut neap\u0103rat s\u0103 pun\u0103 \u00een practic\u0103 \u00een Rom\u00e2nia Socialist\u0103. Adic\u0103 s-o transforme \u00eentr-un loc unde, la un semn al liderului suprem \u2013 cazul de fa\u0163\u0103 Kim Ir-sen, toat\u0103 suflarea \u0163\u0103rii s\u0103 se opreasc\u0103 sau s\u0103 se pun\u0103 \u00een mi\u015fcare spre a-i \u00eendeplinii cele mai nebune\u015fti idei. For\u0163\u00e2nd pu\u0163in lucrurile, Ceau\u015fescu a vrut s\u0103 fie\u2026 Kim! \u015ei \u00eentr-adev\u0103r, analiz\u00e2nd vie\u0163ile \u015fi \u201edomniile\u201d celor doi, vom constata c\u0103 liderul nord-coreean avea \u201ecalit\u0103\u0163ile\u201d necesare pentru a fi un adev\u0103rat idol pentru Ceau\u015fescu.<\/p>\n<p style=\"text-align: justify;\">Ceau\u015fescu a fost mereu obsedat de trecutul s\u0103u revolu\u0163ionar, cam s\u0103r\u0103cu\u0163 \u00een evenimente notabile. De aceea a \u00eencercat mereu s\u0103-l \u00eembog\u0103\u0163easc\u0103, apel\u00e2nd la numeroase falsuri. La Kim nu a fost cazul. Pe numele s\u0103u de botez Kim Song-ju (numele de Kim Ir-sen l-a adoptat \u00een 1935), el provenea dintr-o familie destul de \u00eenst\u0103rit\u0103, de religie protestant\u0103 (bunicul s\u0103u fusese preot), care luptase \u00een rezisten\u0163a anti-japonez\u0103 \u015fi care se refugiase \u00een China de teama represaliilor. Kim intrase \u00een mi\u015fcarea comunist\u0103 \u00een timp ce urma liceul la Jilin \u015fi fusese arestat pentru \u201eactivitate subversiv\u0103\u201d \u00een cadrul unei organiza\u0163ii comuniste, la v\u00e2rsta de 17 ani (\u00een 1929). \u00cen 1931 a intrat \u00een Partidul Comunist Chinez. A f\u0103cut parte apoi din mi\u015fcarea de gheril\u0103 anti-japonez\u0103 din China de Nord, ajung\u00e2nd unul din liderii acesteia. \u00cen 1940, urm\u0103rit de japonezi, se retrage \u00een URSS; a fost c\u0103pitan \u00een armata sovietic\u0103.<\/p>\n<p>\u015ei \u00een ceea ce prive\u015fte ascensiunea \u00een cadrul partidului comunist, Kim putea s\u0103-i dea lec\u0163ii liderului comunist de la Bucure\u015fti. \u00cen 1945 a fost instalat de sovietici drept \u015fef al Comitetul Provizoriu al Poporului. Tot sovieticii l-au ajutat s\u0103 pun\u0103 bazele Armatei Populare Coreene, pe scheletul fostelor trupe de gheril\u0103. \u00cen 1948 a fost numit prim-ministru al Republicii Democrate Populare Coreene, conduc\u00e2nd apoi armata nord-coreean\u0103 \u00een timpul R\u0103zboiului din peninsul\u0103.<\/p>\n<p>Kim a fost un adept al stalinismului, refuz\u00e2nd s\u0103 se ralieze liniei trasat\u0103 de Moscova dup\u0103 venirea lui Hru\u015fciov. S-a apropiat de China \u015fi a redus la t\u0103cere \u00eenc\u0103 din fa\u015f\u0103 orice fel de opozi\u0163ie.<\/p>\n<p>Dup\u0103 Revolu\u0163ia cultural\u0103 din 1966 din China, a declan\u015fat un de\u015f\u0103n\u0163at cult al personalit\u0103\u0163ii, care avea s\u0103-l lase \u201emasc\u0103\u201d pe Ceau\u015fescu. Supranumit deja \u201cMarele Lider\u201d, Kim s-a proclamat\u00a0 pre\u015fedinte \u00een 1972 (exemplul va fi urmat la Bucure\u015fti doi ani mai t\u00e2rziu). La acea dat\u0103 Kim deja decisese c\u0103 fiul s\u0103u cel mare, Kim Jong-Il, \u00eei va succede. Oficial acest lucru se va petrece la Congresul al VI-lea al Partidului, \u00een 1980.<\/p>\n<p>Ca \u015fi \u00een cazul Rom\u00e2niei, \u00een anii 80 izolarea Coreei de Nord devine tot mai accentuat\u0103 \u015fi situa\u0163ia economic\u0103 tot mai dificil\u0103, \u00een condi\u0163iile \u00een care Kim nu mar\u015feaz\u0103 la nici un fel de reform\u0103 \u015fi nici schimb\u0103rile produse la nivel interna\u0163ional nu au efect asupra lui. \u00cen ciuda acestui lucru, oficialit\u0103\u0163ile nord-coreene anun\u0163au c\u0103 PIB-ul \u00eenregistra cre\u015fteri de aproape 20% pe an (!!!), la fel cum \u00een Rom\u00e2nia se anun\u0163au \u201edep\u0103\u015firi ale produc\u0163iei\u201d la to\u0163i indicatorii!<\/p>\n<p>Ce a mai f\u0103cut Kim Ir-sen \u015fi nu a mai apucat s\u0103 fac\u0103 Ceau\u015fescu (de\u015fi \u00een unele cazuri a \u00eencercat)?<\/p>\n<p>A transformat localitatea sa natal\u0103 \u00een singurul loc de pelerinaj din Coreea de Nord; Ceau\u015fescu a vrut s\u0103 fac\u0103 ceva asem\u0103n\u0103tor la Scornice\u015fti, dar nu prea a reu\u015fit.<\/p>\n<p>A scris numeroase \u201eopere\u201d (aici st\u0103 bine \u015fi tovar\u0103\u015ful nostru!) dar \u015fi o autobiografie \u00eentins\u0103 pe nu mai pu\u0163in de 12 volume!<\/p>\n<p>A v\u0103zut ridic\u00e2ndu-i-se sute de statui \u00een toat\u0103 \u0163ara (se pare c\u0103 num\u0103rul lor dep\u0103\u015fe\u015fte 800); Ceau\u015fescu n-a avut statui. S-a \u201ebucurat\u201d de alte suveniruri dar nu de nivelul celui care se compara cu Soarele, \u00een Coreea.<\/p>\n<p>A fost \u00eensurat de dou\u0103 ori, a avut cinci copii (cel mai mare fiu \u2013 Kim Jong-il), mai multe amante \u015fi mai mul\u0163i copii din nelegitimi. Ceau\u015fescu n-a avut-o dec\u00e2t pe Elena, copiii s\u0103i fiind c\u00e2t se poate de legitimi.<\/p>\n<p>A murit de moarte bun\u0103 \u015fi a avut parte de funeralii grandioase (a murit pe 8 iulie 1994); imaginile cu sutele de mii de oameni jelind \u015fi smulg\u00e2ndu-\u015fi p\u0103rul din cap pot fi \u00eenc\u0103 vizionate pe diferite site-uri. Ceau\u015fescu a murit \u00eempu\u015fcat, \u00een urma unui simulacru de proces; prea pu\u0163in\u0103 lume l-a pl\u00e2ns.<\/p>\n<p>Trupul \u00eemb\u0103ls\u0103mat al lui Kim, depus \u00eentr-un mausoleu, este \u015fi azi motiv de venera\u0163ie \u015fi pelerinaj. Ceau\u015fescu (unii spun c\u0103 n-ar fi el) a fost \u00eengropat la Cimitirul Ghencea, aproape \u00een secret.<\/p>\n<p>Chipul lui Kim \u2013 proclamat dup\u0103 moarte \u201eeternul pre\u015fedinte\u201d \u2013 se afl\u0103 expus peste tot \u2013 de la mijloacele de transport \u00een comun, la aeroporturi, \u015fcoli, g\u0103ri, puncte de frontier\u0103. Celui al lui Ceau\u015fescu i s-a dat foc \u00een timpul evenimentelor din 1989.<\/p>\n<p>Ziua de na\u015ftere a lui Kim este zi na\u0163ional\u0103 \u00een Coreea de Nord; ziua lui Ceau\u015fescu devenise \u201eun fel\u201d de s\u0103rb\u0103toare na\u0163ional\u0103; acum nu mai este nimic!<\/p>\n<p>\u00cen sf\u00e2r\u015fit, urma\u015ful lui Kim Ir-sen a continuat cu \u201esucces\u201d opera p\u0103rintelui s\u0103u. \u201eDragul pre\u015fedinte\u201d Kim Jong-il este \u00een centrul aten\u0163iei interna\u0163ionale prin \u201ecrizele nucleare\u201d pe care le provoac\u0103 (Kim Ir-sen o pusese \u00een scen\u0103 pe prima, \u00een 1994) iar poporul nord-coreea este \u00een continuare dispus s\u0103 se supun\u0103 orbe\u015fte obsesiilor liderului s\u0103u. Poporul rom\u00e2n nu mai are nici m\u0103car amintirea creve\u0163ilor nord-coreeni, care deseori \u0163ineau loc \u015fi de p\u00e2ine \u015fi de carne!<\/p>\n<p>P.S.\u00a0Acest articol a fost scris \u00een anul 2009. \u00cen 2011, la moartea lui Kim Jong-il, conducerea a fost preluat\u0103 de fiul s\u0103u, Kim Jong-un. De fapt, nu s-a schimbat nimic&#8230;<\/p>\n<p>Cornel Ilie<\/p>\n","protected":false},"excerpt":{"rendered":"<p>\u00cen 1971 Ceau\u015fe\u015ftii vizitau pentru prima dat\u0103 Coreea de Nord. Probabil c\u0103 au r\u0103mas uimi\u0163i de ceea ce au v\u0103zut \u015fi au vrut neap\u0103rat s\u0103 pun\u0103 \u00een practic\u0103 \u00een Rom\u00e2nia Socialist\u0103. Adic\u0103 s-o transforme \u00eentr-un loc unde, la un semn al liderului suprem \u2013 cazul de fa\u0163\u0103 Kim Ir-sen, toat\u0103 suflarea \u0163\u0103rii s\u0103 se opreasc\u0103 [&hellip;]<\/p>\n","protected":false},"author":1,"featured_media":0,"comment_status":"closed","ping_status":"closed","sticky":false,"template":"","format":"standard","meta":{"_exactmetrics_skip_tracking":false,"_exactmetrics_sitenote_active":false,"_exactmetrics_sitenote_note":"","_exactmetrics_sitenote_category":0,"footnotes":""},"categories":[20],"tags":[],"class_list":["post-3108","post","type-post","status-publish","format-standard","hentry","category-articole"],"gutentor_comment":0,"_links":{"self":[{"href":"https:\/\/www.comunismulinromania.ro\/index.php\/wp-json\/wp\/v2\/posts\/3108","targetHints":{"allow":["GET"]}}],"collection":[{"href":"https:\/\/www.comunismulinromania.ro\/index.php\/wp-json\/wp\/v2\/posts"}],"about":[{"href":"https:\/\/www.comunismulinromania.ro\/index.php\/wp-json\/wp\/v2\/types\/post"}],"author":[{"embeddable":true,"href":"https:\/\/www.comunismulinromania.ro\/index.php\/wp-json\/wp\/v2\/users\/1"}],"replies":[{"embeddable":true,"href":"https:\/\/www.comunismulinromania.ro\/index.php\/wp-json\/wp\/v2\/comments?post=3108"}],"version-history":[{"count":0,"href":"https:\/\/www.comunismulinromania.ro\/index.php\/wp-json\/wp\/v2\/posts\/3108\/revisions"}],"wp:attachment":[{"href":"https:\/\/www.comunismulinromania.ro\/index.php\/wp-json\/wp\/v2\/media?parent=3108"}],"wp:term":[{"taxonomy":"category","embeddable":true,"href":"https:\/\/www.comunismulinromania.ro\/index.php\/wp-json\/wp\/v2\/categories?post=3108"},{"taxonomy":"post_tag","embeddable":true,"href":"https:\/\/www.comunismulinromania.ro\/index.php\/wp-json\/wp\/v2\/tags?post=3108"}],"curies":[{"name":"wp","href":"https:\/\/api.w.org\/{rel}","templated":true}]}}