{"id":3106,"date":"2015-03-11T18:01:41","date_gmt":"2015-03-11T16:01:41","guid":{"rendered":"http:\/\/new.comunismulinromania.ro\/?p=3106"},"modified":"2015-03-11T18:01:41","modified_gmt":"2015-03-11T16:01:41","slug":"din-corespondenta-plapumarului","status":"publish","type":"post","link":"https:\/\/www.comunismulinromania.ro\/index.php\/din-corespondenta-plapumarului\/","title":{"rendered":"Din coresponden\u0163a \u201ePl\u0103pumarului\u201d"},"content":{"rendered":"<p style=\"text-align: justify;\">Gala\u0163i, 12 septembrie 1927.\u00a0Scrisoare trimias\u0103 de Jean Arhip lui Gheorghe Cristescu (Bucure\u015fti), referitoare la situa\u0163ia mi\u015fc\u0103rii socialiste din Gala\u0163i<\/p>\n<p style=\"text-align: justify;\">Bodega \u201e1 Mai\u201d\u00a0\u00a0\u00a0\u00a0\u00a0\u00a0\u00a0\u00a0\u00a0\u00a0\u00a0\u00a0\u00a0\u00a0\u00a0\u00a0\u00a0\u00a0\u00a0\u00a0\u00a0\u00a0\u00a0\u00a0\u00a0\u00a0\u00a0\u00a0\u00a0\u00a0\u00a0\u00a0\u00a0\u00a0\u00a0\u00a0\u00a0\u00a0\u00a0\u00a0\u00a0\u00a0\u00a0\u00a0\u00a0\u00a0\u00a0\u00a0\u00a0\u00a0\u00a0\u00a0\u00a0\u00a0\u00a0\u00a0\u00a0\u00a0\u00a0\u00a0\u00a0\u00a0\u00a0\u00a0\u00a0\u00a0\u00a0\u00a0 Gala\u0163i 12 sept. 1927<\/p>\n<p style=\"text-align: justify;\">Jean Arhip<\/p>\n<p style=\"text-align: justify;\">Str. Br\u0103ilei<\/p>\n<p style=\"text-align: justify;\">\u00cen fa\u0163a oborului de vite<\/p>\n<p style=\"text-align: justify;\">Stimate Tov Cristescu,<\/p>\n<p style=\"text-align: justify;\">Afl\u0103 despre mine c\u0103 sunt bine, am deschis o pr\u0103v\u0103lie \u00een str. Br\u0103ilei vizavi de obor, \u00een carterul nou\u0103 unde sunt \u00eenpropriet\u0103rit. Relativ merg bine.<\/p>\n<p style=\"text-align: justify;\">Ceea ce v\u0103 doresc \u015fi Dstr\u0103. cu \u00eentreaga familie.<\/p>\n<p style=\"text-align: justify;\">Am primit CP. de la b\u0103i v\u0103 mul\u0163umesc de aten\u0163ie.<\/p>\n<p style=\"text-align: justify;\">Tov Cristescu<\/p>\n<p style=\"text-align: justify;\">\u0162in cu aceast\u0103 ocazie s\u0103 v\u0103 informez care este situa\u0163ia la Galatz, \u00een cei ce prive\u015fte noua Dtale. orientare politic\u0103; Tov Cristescu lunga Dtale inpasivitate \u00een cei ce prive\u015fte def\u0103imarea carieri\u015ftilor lea dat posibilitatea s\u0103 v\u0103 discrediteze \u00een mare, iar prin imisarii lor pl\u0103ti\u0163i, s\u0103 trag\u0103 sforile discredit\u0103rii \u015fi pe cei ce simpatizau cu ac\u0163iunea Dtale, desigur c\u0103 ace\u015ftia au fost c\u00e2\u0163iva tov sinceri \u015fi con\u015ftien\u0163i de rolul lor, mai ales c\u0103 cuno\u015ftea frumosul Dtale trecut \u015fi sus\u0163inea ac\u0163iunea Dtale, \u00eentruc\u00e2t este pornit\u0103 dintro ad\u00e2nc\u0103 convingere \u015fi o sinceritate irepro\u015fabil\u0103 pentru proletariat pentru care a\u0163i luptat o via\u0163\u0103 de martir.<\/p>\n<p style=\"text-align: justify;\">Mi\u015fcarea comunist\u0103 este compromis\u0103, prin ac\u0163iunea clandestin\u0103 trecut\u0103, toate elementele vechi au p\u0103r\u0103sit mi\u015fcarea.<\/p>\n<p style=\"text-align: justify;\">Elementele pe care se putea conta \u00een trecut pentru orice ac\u0163iune de mase sau dus ca exemplu: Ionescu Heron, C. Petrovici, \u015etef. M\u0103nescu la liberali, St\u0103iculescu la averescani, iar o parte din elementele noi la lupi\u015fti \u015fi na\u0163ionali\u015fti, a\u015fa c\u0103 mi\u015fcarea este condus\u0103 ast\u0103zi de c\u00e2\u0163iva profani, care au venit boi \u015fi vor pleca vaci, ca Nenil\u0103, Chicu\u015f, M\u00e2nz\u0103raru, Rahmil \u015fi T\u0103nase Ghi\u0163\u0103. To\u0163i ace\u015ftia sunt lipsi\u0163i de ini\u0163iativ\u0103 proprie, ei sunt ni\u015fte aparate de execu\u0163ie a Centrului, pentru a le canaliza murd\u0103ria lor, desigur c\u0103 nu pot concepe altfel dec\u00e2t c\u0103 sunt bine retribui\u0163i, c\u00e2nd ei execut\u0103 proste\u015fte \u00eenc\u0103, tactica nenorocit\u0103 transmis\u0103 de a\u015fa zisul Centru compromis \u015fi el p\u00e2n\u0103 \u00een v\u00e2rful capului.<\/p>\n<p style=\"text-align: justify;\">Tov. Cristescu, tactica nenorocit\u0103 inaugurat\u0103 de c\u0103tre Int III \u00een mi\u015fcarea muncitoreasc\u0103 a otr\u0103vit \u00een a\u015fa fel sufletele muncitorilor \u00eentruc\u00e2t este o imposibilitate de remediere. Personal sunt complectamente sc\u00e2rbit, \u015fi nu mai pot crede \u00eentro unificare a muncitorimei, pentru o lupt\u0103 eficace.<\/p>\n<p style=\"text-align: justify;\">Tov Cristescu, nu vreau s\u0103 b\u0103nuie\u015fti \u00eens\u0103 c\u0103 fac aceast\u0103 declara\u0163ie cu g\u00e2ndul s\u0103 m\u0103 \u00eenrolez \u00een vreun partid burghez.<\/p>\n<p style=\"text-align: justify;\">Nu aceasta nu-mi este permis s\u0103 fac \u00eentruc\u00e2t a\u015fi da cu piciorul la trecutul meu de 14 ani de activitate, \u015fi a\u015fi putea s\u0103 fiu considerat tr\u0103d\u0103tor \u00een afar\u0103 de faptul c\u0103 a\u015fi compromite ideia.<\/p>\n<p style=\"text-align: justify;\">Cu drag Jean Arhip.<\/p>\n<p style=\"text-align: justify;\">Bucure\u015fti, aprilie 1968.\u00a0Carte po\u015ftal\u0103 trimis\u0103 de Gheorghe Cristescu lui Iuliu Blumenfeld<\/p>\n<p style=\"text-align: justify;\">Familia Iuliu Blum\u0103nfeld<\/p>\n<p style=\"text-align: justify;\">Cu venirea zilei ce simbolizeaz\u0103 pe Fiul Omului \u2013 Isus Cristos \u2013 (Pa\u015fte) primul socialist al vremii, ca \u015fi a marei zile de 1 mai 1968 \u2013 ce reprezint\u0103 \u00eenfr\u0103\u0163irea universal\u0103 a muncitorilor dela sate \u015fi ora\u015fe, v\u0103 dorim pace \u015fi p\u00e2ine.<\/p>\n<p style=\"text-align: justify;\">Ghi\u0163\u0103 Cristescu<\/p>\n<p style=\"text-align: justify;\">Medgidia, 10 decembrie 1968.\u00a0Scrisoare trimis\u0103 de\u00a0 C. Boboc lui Gheorghe Cristescu (Bucure\u015fti)<\/p>\n<p style=\"text-align: justify;\">Drag\u0103 Tov Cristescu<\/p>\n<p style=\"text-align: justify;\">Am primit scrisoarea dela Dv \u015fi mi-a bucurat foarte mult.<\/p>\n<p style=\"text-align: justify;\">\u015etiu de situa\u0163ia Tov M\u0103r\u0103cineanu Florea, este grav bolnav \u015fi are pensie mic\u0103, ca \u015fi Tov Marinescu. Eu am luptat al\u0103turi de ace\u015fti oameni care au un caracter socialist deosebit. Nu \u015ftiu dece forurile dela conducere, adic\u0103 fripturi\u015ftii de azi nu s-a g\u00e2ndit la cei ce au luptat \u00een trecut s\u0103 le asigure o pensie omeneasc\u0103.<\/p>\n<p style=\"text-align: justify;\">Am v\u0103zut \u00een libr\u0103rii cartea: Mi\u015fcarea muncitoreasc\u0103 \u00eentre anii 1910-1915. Scrie frumos Augustin Deac<sup>82<\/sup>\u00a0dar nu-\u015fi-a pus \u00eentrebarea?<\/p>\n<p style=\"text-align: justify;\">Unde sunt ace\u015fti s\u0103raci sociali\u015fti care au \u00eenfruntat \u00een timpuri grele tirania fascist\u0103 \u015fi oroarea capitalist\u0103?? Tr\u0103iesc \u00een mizerie!!! \u015ei ei se lef\u0103esc \u00een lux \u015fi \u00een desm\u0103\u0163.<\/p>\n<p style=\"text-align: justify;\">Istoria nu-i va erta.<\/p>\n<p style=\"text-align: justify;\">Eu am rugat un medic dela Constan\u0163a \u015fi fac un tratament raze X m\u0103 simt mai bine. Dar c\u00e2nd este nor \u015fi ploaie m\u0103 doare reumatic.<\/p>\n<p style=\"text-align: justify;\">S\u00eent sigur c\u0103 viitorul este al nostru, dar m\u0103 doare, c\u00e2nd \u015ftiu c\u0103 am fost arestat de fra\u0163i de-ai no\u015ftri \u2013 ah ce tic\u0103lo\u015fi s\u00eent.<\/p>\n<p style=\"text-align: justify;\">Cu ocazia s\u0103rb\u0103torilor \u015fi a anului nou 1969 v\u0103 urez: Dv Tov Cristescu mult\u0103 s\u0103n\u0103tate &#8211; \u015fi pentru mine \u015fi al\u0163i muncitori r\u0103m\u00e2ne-\u0163i un discipol credincios ideilor\u00a0 de libertate \u015fi dreptate social\u0103.<\/p>\n<ol style=\"text-align: justify;\">\n<li>Boboc<\/li>\n<\/ol>\n<p style=\"text-align: justify;\">P.S.<\/p>\n<p style=\"text-align: justify;\">A\u015ftept ve\u015fti de la Dv.<\/p>\n<p style=\"text-align: justify;\">Anul 1969 s\u0103 ne aduc\u0103 sigur victoria libert\u0103\u0163ii<\/p>\n<p style=\"text-align: justify;\">Cu pensia dac\u0103 nu vor nu mai insista-\u0163i<\/p>\n<p style=\"text-align: justify;\">Dreptatea va veni sigur. Am suferit destul \u2013 Ajunge \u2013<\/p>\n<ol style=\"text-align: justify;\">\n<li>Boboc<\/li>\n<\/ol>\n<p style=\"text-align: justify;\">\u00censemn\u0103ri manuscris f\u0103cute de Gheorghe Cristescu<\/p>\n<p style=\"text-align: justify;\">La \u00eenpliniria v\u00e2rsti de 50 ani iam trimes lui tov N. Ceau\u015fescu urm\u0103toarea felicitare de mai jos.<\/p>\n<p style=\"text-align: justify;\">Stimate tovar\u0103\u015fe Ceau\u015fescu Pl\u0103p\u0103marul Ghi\u0163\u0103 Cristescu, care prin jertfe a scris o pagin\u0103 istoric\u0103 \u00een via\u0163a statului nostru, \u00eemping\u00e2nd carul socializmului tot \u00eenainte, ureaz\u0103 la \u00eemplinirea v\u00e2rstei de 50 de ani, cizmarului Niculae Ciau\u015fescu s\u0103 duc\u0103 mai departe barca socializmului \u2013 comunist, deschiz\u00e2nd poarta libert\u0103\u0163ii de g\u00e2ndire \u015fi exprimare, cu colaboratorii s\u0103i, c\u0103tre \u00eemplinirea destinului, sortit de legile fire\u015fti ale evolu\u0163iei, f\u0103r\u0103 zguduiri.<\/p>\n<p style=\"text-align: justify;\">C\u0103ci lupta noastr\u0103 din trecut ca \u015fi \u00een prezent trebuie s\u0103 \u0163inteasc\u0103 binele \u015fi fericirea \u00eentregului popor Rom\u00e2n.<\/p>\n<p style=\"text-align: justify;\">Trimeas\u0103 8 Ianuare 1968<\/p>\n<p style=\"text-align: justify;\">(s-au p\u0103strat toate caracteristicile textului, inclusiv gre\u015felile gramaticale)<\/p>\n<p style=\"text-align: justify;\">\n<p style=\"text-align: justify;\">Din volumul \u201eGheorghe Cristescu \u2013 Pl\u0103pumarul. Primul secretar general al PCR. Coresponden\u0163\u0103, documente, imagini\u201d, ap\u0103rut la Editura Semne (autori Oana ILIE \u015fi Cornel Constantin ILIE)..<\/p>\n<p style=\"text-align: justify;\">Lansarea a avut loc pe 19 iunie 2009, la BOOKFEST, de la ROMEXPO, Pavilion 16, stand 1.<\/p>\n","protected":false},"excerpt":{"rendered":"<p>Gala\u0163i, 12 septembrie 1927.\u00a0Scrisoare trimias\u0103 de Jean Arhip lui Gheorghe Cristescu (Bucure\u015fti), referitoare la situa\u0163ia mi\u015fc\u0103rii socialiste din Gala\u0163i Bodega \u201e1 Mai\u201d\u00a0\u00a0\u00a0\u00a0\u00a0\u00a0\u00a0\u00a0\u00a0\u00a0\u00a0\u00a0\u00a0\u00a0\u00a0\u00a0\u00a0\u00a0\u00a0\u00a0\u00a0\u00a0\u00a0\u00a0\u00a0\u00a0\u00a0\u00a0\u00a0\u00a0\u00a0\u00a0\u00a0\u00a0\u00a0\u00a0\u00a0\u00a0\u00a0\u00a0\u00a0\u00a0\u00a0\u00a0\u00a0\u00a0\u00a0\u00a0\u00a0\u00a0\u00a0\u00a0\u00a0\u00a0\u00a0\u00a0\u00a0\u00a0\u00a0\u00a0\u00a0\u00a0\u00a0\u00a0\u00a0\u00a0\u00a0\u00a0 Gala\u0163i 12 sept. 1927 Jean Arhip Str. Br\u0103ilei \u00cen fa\u0163a oborului de vite Stimate Tov Cristescu, Afl\u0103 despre mine c\u0103 sunt bine, am deschis o pr\u0103v\u0103lie \u00een str. Br\u0103ilei vizavi de obor, \u00een [&hellip;]<\/p>\n","protected":false},"author":1,"featured_media":0,"comment_status":"open","ping_status":"closed","sticky":false,"template":"","format":"standard","meta":{"_exactmetrics_skip_tracking":false,"_exactmetrics_sitenote_active":false,"_exactmetrics_sitenote_note":"","_exactmetrics_sitenote_category":0,"footnotes":""},"categories":[20],"tags":[],"class_list":["post-3106","post","type-post","status-publish","format-standard","hentry","category-articole"],"gutentor_comment":0,"_links":{"self":[{"href":"https:\/\/www.comunismulinromania.ro\/index.php\/wp-json\/wp\/v2\/posts\/3106","targetHints":{"allow":["GET"]}}],"collection":[{"href":"https:\/\/www.comunismulinromania.ro\/index.php\/wp-json\/wp\/v2\/posts"}],"about":[{"href":"https:\/\/www.comunismulinromania.ro\/index.php\/wp-json\/wp\/v2\/types\/post"}],"author":[{"embeddable":true,"href":"https:\/\/www.comunismulinromania.ro\/index.php\/wp-json\/wp\/v2\/users\/1"}],"replies":[{"embeddable":true,"href":"https:\/\/www.comunismulinromania.ro\/index.php\/wp-json\/wp\/v2\/comments?post=3106"}],"version-history":[{"count":0,"href":"https:\/\/www.comunismulinromania.ro\/index.php\/wp-json\/wp\/v2\/posts\/3106\/revisions"}],"wp:attachment":[{"href":"https:\/\/www.comunismulinromania.ro\/index.php\/wp-json\/wp\/v2\/media?parent=3106"}],"wp:term":[{"taxonomy":"category","embeddable":true,"href":"https:\/\/www.comunismulinromania.ro\/index.php\/wp-json\/wp\/v2\/categories?post=3106"},{"taxonomy":"post_tag","embeddable":true,"href":"https:\/\/www.comunismulinromania.ro\/index.php\/wp-json\/wp\/v2\/tags?post=3106"}],"curies":[{"name":"wp","href":"https:\/\/api.w.org\/{rel}","templated":true}]}}