{"id":3060,"date":"2015-03-11T16:18:56","date_gmt":"2015-03-11T14:18:56","guid":{"rendered":"http:\/\/new.comunismulinromania.ro\/?p=3060"},"modified":"2015-08-07T09:56:00","modified_gmt":"2015-08-07T06:56:00","slug":"politica-externa-repere-cronologice-iii-1971-1980","status":"publish","type":"post","link":"https:\/\/www.comunismulinromania.ro\/index.php\/politica-externa-repere-cronologice-iii-1971-1980\/","title":{"rendered":"Politica extern\u0103 &#8211; repere cronologice III (1971 &#8211; 1980)"},"content":{"rendered":"<p style=\"text-align: justify;\" align=\"justify\">1971<\/p>\n<p style=\"text-align: justify;\" align=\"justify\">11 februarie \u2013 Semnarea la Moscova, Londra \u015fi Washington de c\u0103tre \u00eemputernici\u0163ii guvernului rom\u00e2n a Tratatului de prietenie cu privire la interzicerea amplas\u0103rii armelor nucleare \u015fi a altor arme de distrugere \u00een mas\u0103 pe fundul m\u0103rilor \u015fi ocenelor \u015fi \u00een subsolul lor.<\/p>\n<p style=\"text-align: justify;\" align=\"justify\">18-19 februarie \u2013 Are loc la Bucure\u015fti Consf\u0103tuirea mini\u015ftrilor Afacerilor Externe din statele Tratatului de la Var\u015fovia.<\/p>\n<p style=\"text-align: justify;\" align=\"justify\">17-20 mai \u2013 Vizit\u0103 \u00een Rom\u00e2nia a pre\u015fedintelui R.F.G., Gustav Heinemann.<\/p>\n<p style=\"text-align: justify;\" align=\"justify\">29 iunie-3 iulie \u2013 Vizit\u0103 \u00een Finlanda a cuplului Ceau\u015fescu, care poart\u0103 discu\u0163ii cu pre\u015fedintele Finlandei, Urho Kekkonen.<\/p>\n<p style=\"text-align: justify;\" align=\"justify\">27-29 iulie \u2013 La Bucure\u015fti are loc cea de-a XXV-a Sesiune C.A.E.R. la nivelul \u015fefilor de guverne.<\/p>\n<p style=\"text-align: justify;\" align=\"justify\">20-22 septembrie \u2013 Vizita \u00een Rom\u00e2nia a secretarului de stat pentru educa\u0163ie \u015fi \u015ftiin\u0163\u0103 din Marea Britanie, Margaret Thatcher.<\/p>\n<p style=\"text-align: justify;\" align=\"justify\">14-16 octombrie \u2013 N. Ceau\u015fescu \u00eempreun\u0103 cu so\u0163ia particip\u0103 la festivit\u0103\u0163ile fastuoase prilejuite de s\u0103rb\u0103torirea a 2500 de ani de la crearea statului iranian.<\/p>\n<p style=\"text-align: justify;\" align=\"justify\">1972<\/p>\n<p style=\"text-align: justify;\" align=\"justify\">24-26 februarie \u2013 K\u00e1d\u00e1r J\u00e1nos, aflat la Bucure\u015fti semneaz\u0103 Tratatul de prietenie, colaborare \u015fi asisten\u0163\u0103 mutual\u0103 \u00eentre Rom\u00e2nia \u015fi Ungaria.<\/p>\n<p style=\"text-align: justify;\" align=\"justify\">11 martie \u2013 6 aprilie \u2013 Cuplul Ceau\u015fescu efectueaz\u0103 vizite oficiale de prietenie \u00een opt state africane: Algeria, Africa Central\u0103, R.P. Congo, Zair, Zambia, Tanzani, Sudan, Egipt.<\/p>\n<p style=\"text-align: justify;\" align=\"justify\">10 aprilie \u2013 Corneliu M\u0103nescu semneaz\u0103 la Moscova Conven\u0163ia cu privire la interzicerea perfec\u0163ion\u0103rii produc\u0163iei \u015fi stoc\u0103rii armelor bacteriologice (biologice) \u015fi toxice \u015fi la distrugerea acestora.<\/p>\n<p style=\"text-align: justify;\" align=\"justify\">30 aprilie \u2013 4 mai \u2013 Vizita \u00een Rom\u00e2nia a unei delega\u0163ii a Partidului Socialist Francez, condus\u0103 de Fran\u00e7ois Mitterrand, prim-secretar al partidului.<\/p>\n<p style=\"text-align: justify;\" align=\"justify\">4-7 mai \u2013 Vizita oficial\u0103 \u00een Rom\u00e2nia a premierului Israelului, Golda Meir.<\/p>\n<p style=\"text-align: justify;\" align=\"justify\">11-12 mai \u2013 Vizita unei delega\u0163ii de partid \u015fi guvernamentale din R.D.G., condus\u0103 de Erich Honecker \u015fi Willi Stoph. Semnarea Tratatului de prietenie, colaborare \u015fi asisten\u0163\u0103 mutual\u0103 \u00eentre Rom\u00e2nia \u015fi R.D.G.<\/p>\n<p style=\"text-align: justify;\" align=\"justify\">26-30 mai \u2013 Vizita unei delega\u0163ii condus\u0103 de Fidel Castro.<\/p>\n<p style=\"text-align: justify;\" align=\"justify\">11-12 iunie \u2013 Vizita \u00een Rom\u00e2nia a liderului Partidului Laburist din Marea Britanie, Harold Wilson.<\/p>\n<p style=\"text-align: justify;\" align=\"justify\">6-7 iulie \u2013 Vizita oficial\u0103 \u00een Rom\u00e2nia a secretarului Departamentului de Stat al S.U.A., Wiliam Rogers.<\/p>\n<p style=\"text-align: justify;\" align=\"justify\">28 august \u2013 Vizita \u00een Rom\u00e2nia a unei delega\u0163ii a Partidului Comunist din Spania, reprezentat de Dolores Ibarruri \u015fi Santiago Carillo.<\/p>\n<p style=\"text-align: justify;\" align=\"justify\">24-26 octombrie \u2013 Vizita cuplului Ceau\u015fescu \u00een Belgia, \u00een timpul c\u0103reia se poart\u0103 convorbiri cu regele Baudouin I \u015fi cu premierul Gaston Eyskens. S-a semnat declara\u0163ia solemn\u0103 comun\u0103, primul document politico-diplomatic de acest fel \u00eencheiat \u00eentre \u0163\u0103ri europene apar\u0163in\u00e2nd unor alian\u0163e militare diferite.<\/p>\n<p style=\"text-align: justify;\" align=\"justify\">27-28 octombrie \u2013 Vizita \u00een Marele Ducat de Luxemburg a lui N. Ceau\u015fescu, unde poart\u0103 convorbiri cu Marele Duce Jean de Luxemburg \u015fi cu Pierre Werner, pre\u015fedintele guvernului.<\/p>\n<p style=\"text-align: justify;\" align=\"justify\">7 decembrie \u2013 Rom\u00e2nia ader\u0103 la Acordul privind Fondul Monetar Interna\u0163ional (F.M.I.) \u015fi la Acordul privind Banca Interna\u0163ional\u0103 pentru Reconstruc\u0163ie \u015fi Dezvoltare.<\/p>\n<p style=\"text-align: justify;\" align=\"justify\">1973<\/p>\n<p style=\"text-align: justify;\" align=\"justify\">8-12 ianuarie \u2013 Vizita oficial\u0103 \u00een Pakistan a lui N. Ceau\u015fescu, \u00eempreun\u0103 cu so\u0163ia; au loc convorbiri cu pre\u015fedintele Zulfikar Ali Bhuto.<\/p>\n<p style=\"text-align: justify;\" align=\"justify\">8 februarie \u2013 Vizit\u0103 neoficial\u0103 a generalului Juan Dominigo Per\u00f3n, fost pre\u015fedinte al Argentinei, \u00eempreun\u0103 cu so\u0163ia sa, Isabel Per\u00f3n.<\/p>\n<p style=\"text-align: justify;\" align=\"justify\">10-13 aprilie \u2013 Vizit\u0103 a cuplului Ceau\u015fescu \u00een Olanda, unde au loc convorbiri cu regina Iuliana \u015fi primul ministru Barend Willem Biesheuvel.<\/p>\n<p style=\"text-align: justify;\" align=\"justify\">21-26 mai \u2013 Cuplul Ceau\u015fescu viziteaz\u0103 Italia, Republica San Marino, Vaticanul, fiind primi\u0163i de Papa Ioan Paul al VI-lea. S-a discutat \u015fi cu pre\u015fedintele Republicii Giovanni Leone \u015fi premierul Giulio Andreotti.<\/p>\n<p style=\"text-align: justify;\" align=\"justify\">24 mai \u2013 Elena Ceau\u015fescu devine membru activ al Academiei de \u015etiin\u0163e din New York.<\/p>\n<p style=\"text-align: justify;\" align=\"justify\">2-5 iunie \u2013 Vizita \u00een Rom\u00e2nia a \u015fahin\u015fahului Iranului, Mohammad Reza Pahlavi Aryamehr, fiind semnat \u015fi un acord de cooperare economic\u0103, \u015ftiin\u0163ific\u0103 \u015fi tehnic\u0103.<\/p>\n<p style=\"text-align: justify;\" align=\"justify\">26-30 iunie \u2013 Cuplul Ceau\u015fescu viziteaz\u0103 R.F. Germania, pert\u00e2nd discu\u0163ii cu pre\u015fedintele Gustav Heinemann\u015fi cancelarul federal Willy Brandt.<\/p>\n<p style=\"text-align: justify;\" align=\"justify\">28 iulie \u2013 1 august \u2013 Primul ministru R.D. Vietnam, Pham Van Dong, viziteaz\u0103 Rom\u00e2nia, convenindu-se asupra ajutoarelor pe care Rom\u00e2nia trebuia s\u0103 le acorde pentru reconstruc\u0163ia Vietnamului.August \u2013 septembrie \u2013 Cuplul Ceau\u015fescu viziteaz\u0103 state din America Latin\u0103 \u015fi Africa: Cuba, Costa Rica, Venezuela, Columbia, Ecuador, Per\u00fa, S\u00e9n\u00e9gal, Maroc.<\/p>\n<p style=\"text-align: justify;\" align=\"justify\">5-7 august \u2013 Kurt Waldheim, secretarul general al O.N.U. viziteaz\u0103 oficial Rom\u00e2nia.<\/p>\n<p style=\"text-align: justify;\" align=\"justify\">3-6 octombrie \u2013 Vizita \u00een Rom\u00e2nia a pre\u015fedintelui Republicii India, Varahagiri Venkata Giri.<\/p>\n<p style=\"text-align: justify;\" align=\"justify\">4-7 decembrie \u2013 Vizit\u0103 oficial\u0103 \u00een S.U.A. a cuplului Ceau\u015fescu; \u00een urma discu\u0163iilor cu Richard Nixon, sunt semnate Declara\u0163ia comun\u0103, precum \u015fi Declara\u0163ia comun\u0103 cu privire la cooperarea economic\u0103, industrial\u0103 \u015fi tehnic\u0103 \u00eentre cele dou\u0103 \u0163\u0103ri. Pe 7 decembrie a fost semnat Acordul-cadru de cooperare economic\u0103 \u00eentre diferite \u00eentreprinderi rom\u00e2ne de comer\u0163 exterior \u015fi copora\u0163iile \u201cGeneral Electric\u201d, \u201eI.T.T.\u201d, \u201eSinger\u201d.<\/p>\n<p style=\"text-align: justify;\" align=\"justify\">1974<\/p>\n<p style=\"text-align: justify;\" align=\"justify\">29-30 ianuarie \u2013 Vizit\u0103 oficial\u0103 \u00een Rom\u00e2nia a regelui Hussein Ibn Talal al Regatului Ha\u015femit al Iordaniei.<\/p>\n<p style=\"text-align: justify;\" align=\"justify\">12-21 februarie \u2013 N. Ceau\u015fescu efectueaz\u0103 vizite oficiale \u00een Libia, Liban \u2013 unde i se decerneaz\u0103 titlul de Doctor Honoris Causa al univerit\u0103\u0163ii libaneze, Siria \u015fi Irak.Martie \u2013 Cuplul Ceau\u015fescu efectueaz\u0103 vizite oficiale \u00een Liberia, Argentina, Brazilia \u015fi Guineea; pe 6-7 martie cuplului Ceau\u015fescu i se \u00eenm\u00e2neaz\u0103 titlul de Doctor Honoris Causa al Universit\u0103\u0163ii din Buenos Aires \u015fi al Universit\u0103\u0163ii din Sud Bahia-Blanca.<\/p>\n<p style=\"text-align: justify;\" align=\"justify\">22-25 aprilie \u2013 J\u00f3s\u00e9 Figueres Ferrer, pre\u015fedintele Republicii Costa Rica viziteaz\u0103 Rom\u00e2nia.<\/p>\n<p style=\"text-align: justify;\" align=\"justify\">12-19 mai \u2013 Prima edi\u0163ie a TIBCO\u201974, la Bucure\u015fti, la care iau parte 10 \u0163\u0103ri cu pavilioane na\u0163ionale \u015fi 24 de firme str\u0103ine.<\/p>\n<p style=\"text-align: justify;\" align=\"justify\">27-30 iunie \u2013 Vizita \u00een Rom\u00e2nia a pre\u015fedintelui R.A. Egipt, Mohammed Anwar as-Sadat.<\/p>\n<p style=\"text-align: justify;\" align=\"justify\">19-30 august \u2013 Sub egida O.N.U. are loc la Bucure\u015fti Conferin\u0163a mondial\u0103 a popula\u0163iei, cu participarea a peste 5000 de delega\u0163i din peste 133 de \u0163\u0103ri.<\/p>\n<p style=\"text-align: justify;\" align=\"justify\">28 august \u2013 La Bucure\u015fti se semneaz\u0103 Acordul \u00eentre Rom\u00e2nia \u015fi O.N.U pentru \u00eenfiin\u0163area Centrului demografic O.N.U.-Rom\u00e2nia (CEDOR). Centrul \u015fi-a \u00eencetat activitatea \u00een anul 1984.<\/p>\n<p style=\"text-align: justify;\" align=\"justify\">2-7 septembrie \u2013 Vizita oficial\u0103 de prietenie \u00een Rom\u00e2nia a delega\u0163iei de partid \u015fi de stat conduse de Hafez al-Assad, secretar general al Partidului Baas Arab Socialist, pre\u015fedintele R.A. Siriene.3-4 noiembrie \u2013 Vizita \u00een Rom\u00e2nia a secretarului de stat al S.U.A., Henry A. Kissinger.<\/p>\n<p style=\"text-align: justify;\" align=\"justify\">1975<\/p>\n<p style=\"text-align: justify;\" align=\"justify\">23-25 februarie \u2013 Vizit\u0103 oficial\u0103 \u00een Rom\u00e2nia a primului ministru al Noii Zeelande, Wallace Edward Rowling.<\/p>\n<p style=\"text-align: justify;\" align=\"justify\">7-11 martie \u2013 Vizita oficial\u0103 \u00een Rom\u00e2nia a pre\u015fedintelui Ecuadorului, generalul de brigad\u0103 Guillermo A. Rodriguez Lara, prilej cu care se semneaz\u0103 un acord de cooperare economic\u0103 \u015fi tehnic\u0103 \u00eentre cele dou\u0103 state.<\/p>\n<p style=\"text-align: justify;\" align=\"justify\">2 aprilie \u2013 Semnarea, la Bucure\u015fti, a Acordului privind rela\u0163iile comerciale \u00eentre Rom\u00e2nia \u015fi S.U.A., prin care Rom\u00e2nia prime\u015fte clauza na\u0163iunii celei mai favorizate.<\/p>\n<p style=\"text-align: justify;\" align=\"justify\">4-9 aprilie \u2013 Cuplul Ceau\u015fescu efectueaz\u0103 o vizit\u0103 oficial\u0103 \u00een Japonia, acolo unde poart\u0103 discu\u0163ii cu \u00eemp\u0103ratul Hirohito \u015fi cu primul ministru Takeo Miki.<\/p>\n<p style=\"text-align: justify;\" align=\"justify\">9-13 aprilie \u2013 Vizit\u0103 \u00een Filipine, acolo unde cuplul Ceau\u015fescu \u00eel \u00eent\u00e2lne\u015fte pe pre\u015fedintele Ferdinand Marcos. Aici, N. Ceau\u015fescu prime\u015fte titlul de Doctor Honoris Causa al Universit\u0103\u0163ii din Filipine.<\/p>\n<p style=\"text-align: justify;\" align=\"justify\">13-19 aprilie \u2013 Cuplul Ceau\u015fescu continu\u0103 s\u0103 efectueze viziteze alte state, respectiv: Pakistan, Iordania, Turcia.<\/p>\n<p style=\"text-align: justify;\" align=\"justify\">13-16 mai \u2013 Vizit\u0103 oficial\u0103 \u00een Rom\u00e2nia a Majest\u0103\u0163ii Sale Regina Iuliana \u015fi a Alte\u0163ei Sale Regale, prin\u0163ul Bernhard al \u0162\u0103rilor de Jos.<\/p>\n<p style=\"text-align: justify;\" align=\"justify\">22-26 mai \u2013 Vizita oficial\u0103 \u00een Rom\u00e2nia a delega\u0163iei de partid \u015fi guvernamentale a R.P.D. Coreene, condus\u0103 de Kim Ir Sen.<\/p>\n<p style=\"text-align: justify;\" align=\"justify\">26-27 mai \u2013 Vizita oficial\u0103 \u00een Rom\u00e2nia a pre\u015fedintelui Consiliului de Mini\u015ftri al Republicii Elene, Konstantinos Karamanlis.<\/p>\n<p style=\"text-align: justify;\" align=\"justify\">4-7 iunie \u2013 Cuplul Ceau\u015fescu viziteaz\u0103 Brazilia, purt\u00e2nd discu\u0163ii cu pre\u015fedintele Ernesto Geisel. Se semneaz\u0103 mai multe contracte \u015fi acorduri economice.<\/p>\n<p style=\"text-align: justify;\" align=\"justify\">7-11 iunie \u2013 Vizita oficial\u0103 a cuplului Ceau\u015fescu \u00een Mexic; convorbiri cu pre\u015fedintele Luis Echeverria Alvarez.<\/p>\n<p style=\"text-align: justify;\" align=\"justify\">11-12 iunie \u2013 \u00cen timpul unor escale, N. Ceau\u015fescu poart\u0103 discu\u0163ii cu Gerald Rudolph Ford, pre\u015fedintele S.U.A. \u015fi Harold Wilson premierul britanic.<\/p>\n<p style=\"text-align: justify;\" align=\"justify\">13-15 iunie \u2013 Vizita oficial\u0103 \u00een Rom\u00e2nia a pre\u015fedintelui Portugaliei, generalul Franco da Costa Gomes. Se semneaz\u0103 tratatul de prietenie \u015fi colaborare rom\u00e2no-portughez.<\/p>\n<p style=\"text-align: justify;\" align=\"justify\">16-20 iunie \u2013 Vizita oficial\u0103 \u00een Rom\u00e2nia a lui Todor Jivkov, liderul comunist bulgar.10-14 iulie \u2013 Vizita oficial\u0103 a cancelarului federal al Austriei, Dr. Bruno Kreisky.<\/p>\n<p style=\"text-align: justify;\" align=\"justify\">27-28 iulie \u2013 Jacques Chirac, primul ministru francez viziteaz\u0103 Rom\u00e2nia.<\/p>\n<p style=\"text-align: justify;\" align=\"justify\">2-3 august \u2013 Vizita oficial\u0103 \u00een Rom\u00e2nia a pre\u015fedintelui S.U.A., Gerald Rudolph Ford.<\/p>\n<p style=\"text-align: justify;\" align=\"justify\">27-29 august \u2013 Vizita oficial\u0103 \u00een Rom\u00e2nia a primului ministru al Turciei, Suleyman Demirel.<\/p>\n<p style=\"text-align: justify;\" align=\"justify\">31 august-3 septembrie \u2013 Vizita \u00een Rom\u00e2nia a liderului Partidului Conservator din Marea Britanie, Margaret Thatcher.<\/p>\n<p style=\"text-align: justify;\" align=\"justify\">15-18 septembrie \u2013 Vizita oficial\u0103 de prietenie \u00een Rom\u00e2nia a primului ministru Margaret Thatcher. A fost semnat un acord pe termen lung de colaborare economic\u0103 \u015fi cooperare industrial\u0103 \u015fi tehnologic\u0103.22-25 octombrie \u2013 Vizita \u00een Rom\u00e2nia a premierului din Pakistan, Zulfikar Ali Bhutto.<\/p>\n<p style=\"text-align: justify;\" align=\"justify\">23 octombrie \u2013 N. Ceau\u015fescu prime\u015fte titlul de Doctor Honoris Causa al Universit\u0103\u0163ii din Nisa.<\/p>\n<p style=\"text-align: justify;\" align=\"justify\">28-31 octombrie \u2013 N. Ceau\u015fescu viziteaz\u0103 Portugalia, purt\u00e2nd convorbiri cu pre\u015fedintele Francisco da Costa Gomes.<\/p>\n<p style=\"text-align: justify;\" align=\"justify\">13-18 noiembrie \u2013 Le Duan, prim secetar al Partidului Celor Ce Muncesc din Vietnam viziteaz\u0103 Rom\u00e2nia, prilej cu care datoriile Vietnamului c\u0103tre Rom\u00e2nia sunt \u015fterse.<\/p>\n<p style=\"text-align: justify;\" align=\"justify\">27 noiembrie \u2013 1 decembrie \u2013 Cuplul Ceau\u015fescu viziteaz\u0103 Iranul, aici fiindu-le desemnat titlul de Doctor Honoris Causa al Universit\u0103\u0163ii din Teheran.4-5 decembrie \u2013 Vizit\u0103 oficial\u0103 \u00een Rom\u00e2nia a vicecancelarului federal \u015fi minstrul de Externe al R.F. Germania, Hans Dietrich Genscher.<\/p>\n<p style=\"text-align: justify;\" align=\"justify\">1976<\/p>\n<p style=\"text-align: justify;\" align=\"justify\">26-29 ianuarie \u2013 Vizita \u00een Rom\u00e2nia a unei delega\u0163ii a Partidului Socialist Muncitoresc Spaniol, condus\u0103 de Felipe Gonz\u00e1les.<\/p>\n<p style=\"text-align: justify;\" align=\"justify\">3-8 februarie \u2013 Vizit\u0103 \u00een Rom\u00e2nia a unei delega\u0163ii a Partidului Mi\u015fc\u0103rii Socialiste Panelene, condus\u0103 de Andreas Papandreu.<\/p>\n<p style=\"text-align: justify;\" align=\"justify\">26-29 martie \u2013 Vizita oficial\u0103 \u00een Grecia a cuplului Ceau\u015fescu, unde sunt purtate convorbiri cu pre\u015fedintele Republicii, Konstantinos Tsatsos \u015fi cu primul ministru Konstantinos Karamanlis.<\/p>\n<p style=\"text-align: justify;\" align=\"justify\">29-31 martie \u2013 Vizita oficial\u0103 \u00een Kuwait a lui N. Ceau\u015fescu \u015fi E. Ceau\u015fescu; convorbiri cu Sabbah as-Salim as-Sabbah, emirul acestui stat.<\/p>\n<p style=\"text-align: justify;\" align=\"justify\">7-8 iunie \u2013 Vizita \u00een Rom\u00e2nia a pre\u015fedintelui Uniunii Cre\u015ftin Democrate \u2013 R.F.G., Helmut Kohl.Vizita oficial\u0103 \u00een Turcia a cuplului Ceau\u015fescu; convorbiri cu pre\u015fedintele Fahri S. Kor\u00fct\u00fcrk \u015fi cu premierul Suleyman Demirel.<\/p>\n<p style=\"text-align: justify;\" align=\"justify\">26-28 iunie \u2013 Vizita oficial\u0103 \u00een Rom\u00e2nia a pre\u015fedintelui Republicii Arabe Siriene, Hafez al-Asaad.<\/p>\n<p style=\"text-align: justify;\" align=\"justify\">29-30 iunie \u2013 Conferin\u0163a partidelor comuniste \u015fi muncitore\u015fti din Europa, desf\u0103\u015furat\u0103 la Berlin. Insist\u00e2nd asupra independen\u0163ei \u015fi neamestecului \u00een treburile interne, Ceau\u015fescu \u00ee\u015fi consolida \u00een fapt pozi\u0163ia de de\u0163in\u0103tor absolut al puterii politice.<\/p>\n<p style=\"text-align: justify;\" align=\"justify\">2-12 august \u2013 Cuplul Ceau\u015fescu viziteaz\u0103 R.S.S. Moldoveneasc\u0103, R.S.S. Gruzin\u0103, R.S.S. Armean\u0103. Pe 3 august, \u00een Crimeea are loc o \u00eentrevedere cu L.I. Brejnev , fapt ce marcheaz\u0103 \u00eembun\u0103t\u0103\u0163irea rela\u0163iilor dintre cei doi.<\/p>\n<p style=\"text-align: justify;\" align=\"justify\">11-14 octombrie \u2013 Vizita oficial\u0103 \u00een Rom\u00e2nia a regelui Baudouin I al Belgiei, \u00eempreun\u0103 cu regina Fabiola.<\/p>\n<p style=\"text-align: justify;\" align=\"justify\">25-28 octombrie \u2013 Vizita \u00een Rom\u00e2nia a Marelui Duce Jean al Luxemburgului, \u00eempreun\u0103 cu Marea Duces\u0103 Jos\u00e9phine Charlotte.<\/p>\n<p style=\"text-align: justify;\" align=\"justify\">22-24 noiembrie \u2013 Vizit\u0103 de prietenie a lui L.I. Brejnev, secretar al C.C. al P.C.U.S., \u00een Rom\u00e2nia; de ambele p\u0103r\u0163i se dau asigur\u0103ri pentru \u00eentre\u0163inerea unor rela\u0163ii apropiate.<\/p>\n<p style=\"text-align: justify;\" align=\"justify\">14-17 decembrie \u2013 Vizita oficial\u0103 \u00een Fran\u0163a a primului ministru rom\u00e2n, Manea M\u0103nescu. Acord \u00een domeniul auto.<\/p>\n<p style=\"text-align: justify;\" align=\"justify\">1977<\/p>\n<p style=\"text-align: justify;\" align=\"justify\">\u00cen plan intern debuteaz\u0103 mi\u015fcarea de rezisten\u0163\u0103 fa\u0163\u0103 de regimul comunist, ini\u0163iat\u0103 de Paul Goma, mi\u015fcare cu un larg ecou \u015fi \u00een plan extern. Adep\u0163ii grup\u0103rii ader\u0103 la \u201cCharta celor 77\u201d, manifestul politic al disiden\u0163ilor cehoslovaci. Mi\u015fcarea va fi reprimat\u0103 de regimul dictatorial<\/p>\n<p style=\"text-align: justify;\" align=\"justify\">15-16 februarie \u2013 Vizita oficial\u0103 \u00een Rom\u00e2nia a pre\u015fedintelui Republicii Arabe Siriene, Hafez al-Assad.<\/p>\n<p style=\"text-align: justify;\" align=\"justify\">22 februarie \u2013 4 martie \u2013 Cuplul Ceau\u015fescu efectueaz\u0103 vizite oficiale \u00een Mauritania, S\u00e9n\u00e9gal, Ghana, Coasta de Filde\u015f, Nigeria.<\/p>\n<p style=\"text-align: justify;\" align=\"justify\">25-27 mai \u2013 Vizita oficial\u0103 \u00een Rom\u00e2nia a premierului italian, Giulio Andreotti.<\/p>\n<p style=\"text-align: justify;\" align=\"justify\">15-16 iunie \u2013 \u00cent\u00e2lnire \u00eentre N. Ceau\u015fescu \u015fi K. J\u00e1nos la Debre\u0163in \u015fi Oradea, unde este discutat\u0103 problema na\u0163ionalit\u0103\u0163ilor.<\/p>\n<p style=\"text-align: justify;\" align=\"justify\">26-30 august \u2013 Vizita oficial\u0103 \u00een Rom\u00e2nia a primului ministru al Israelului, Menahem Begin.<\/p>\n<p style=\"text-align: justify;\" align=\"justify\">29-31 octombrie \u2013 Vizita de prietenie \u00een Rom\u00e2nia a pre\u015fedintelui Egiptului, Mohammed Anwar as-Sadat.Noiembrie \u2013 \u00cen Rom\u00e2nia este organizat\u0103 prima expozi\u0163ie industrial\u0103 american\u0103, \u201cAmero 77\u201d, la care particip\u0103 77 de state.<\/p>\n<p style=\"text-align: justify;\" align=\"justify\">1978<\/p>\n<p style=\"text-align: justify;\" align=\"justify\">6-7 iunie \u2013 Vizita oficial\u0103 \u00een Rom\u00e2nia a cancelarului federal R.F. Germania, Helmut Schmidt.<\/p>\n<p style=\"text-align: justify;\" align=\"justify\">11-12 februarie \u2013 Vizita de prietenie \u00een Rom\u00e2nia a pre\u015fedintelui Egiptului, Mohammed Anwar as-Sadat.<\/p>\n<p style=\"text-align: justify;\" align=\"justify\">12-17 aprilie \u2013 Cuplul Ceau\u015fescu viziteaz\u0103 S.U.A., purt\u00e2nd convorbiri cu pre\u015fedintele american Jimmy Carter. Cu ocazia vizitei au fost realizate mai multe \u00een\u0163elegeri cu unele firme americane viz\u00e2nd colaborarea cu firme rom\u00e2ne\u015fti.<\/p>\n<p style=\"text-align: justify;\" align=\"justify\">15-30 mai \u2013 N. Ceau\u015fescu \u015fi so\u0163ia sa efectueaz\u0103 vizite oficiale \u00een China, Republica Popular\u0103 Democrat\u0103 Coreean\u0103, Republica Socialist\u0103 Vietnam, Republica Democratic\u0103 Popular\u0103 Laos, Kampuchia Democrat\u0103, \u015fi o scurt\u0103 vizit\u0103 la Delhi.<\/p>\n<p style=\"text-align: justify;\" align=\"justify\">13-16 iunie \u2013 Vizit\u0103 de stat a cuplului Ceau\u015fescu \u00een Marea Britanie, unde este primit de regina Elisabeta a II-a \u015fi ducele de Edinburgh.<\/p>\n<p style=\"text-align: justify;\" align=\"justify\">7 august \u2013 \u00cent\u00e2lnire \u00eentre Ceau\u015fescu \u015fi Brejnev \u00een Crimeea.16-21 august \u2013 Vizita la Bucure\u015fti a pre\u015fedintelui R.P. Chineze, Hua Guofeng.<\/p>\n<p style=\"text-align: justify;\" align=\"justify\">8-11 noiembrie \u2013 Vizita pre\u015fedintelui federal al Austriei, dr. Rudolf Kirchschl\u00e4ger \u00een Rom\u00e2nia.<\/p>\n<p style=\"text-align: justify;\" align=\"justify\">1979<\/p>\n<p style=\"text-align: justify;\" align=\"justify\">8-10 martie \u2013 Vizita oficial\u0103 \u00een Rom\u00e2nia a pre\u015fedintelui Republicii Franceze, Valery Giscard d\u2019Estaing, \u00eempreun\u0103 cu so\u0163ia sa Anne Aymone Giscard d\u2019Estaing; se semneaz\u0103 Protocoalele privind cooperarea \u00een domeniile tehnicii audiovizuale, aeronautice, electronice\u00a0\u00a0\u015fi informaticii, industriei de autovehicule \u015fi cel economic.<\/p>\n<p style=\"text-align: justify;\" align=\"justify\">18-20 martie \u2013 Vizita oficial\u0103 de prietenie \u00een Rom\u00e2nia a premierului Republicii Elene, Konstantinos Karamanlis.<\/p>\n<p style=\"text-align: justify;\" align=\"justify\">21-23 martie \u2013 Vizita oficial\u0103 \u00een Rom\u00e2nia a pre\u015fedintelui Republicii Portugheze, generalul Antonio Ramalho Eanes, \u00eempreun\u0103 cu so\u0163ia sa, Maria Manuela Ramalho Eanes; se semneaz\u0103 Acordul privind transporturile rutiere interna\u0163ionale de pasageri \u015fi de m\u0103rfuri, precum \u015fi a unui Acord de credit.<\/p>\n<p style=\"text-align: justify;\" align=\"justify\">23-26 iunie \u2013 Vizita \u00een Rom\u00e2nia a pre\u015fedintelui Republicii Cipru, Spyros Kyprianos.<\/p>\n<p style=\"text-align: justify;\" align=\"justify\">9-11 iulie \u2013 Kurt Waldheim, secretarul general al O.N.U., efectueaz\u0103 o vizit\u0103 \u00een Rom\u00e2nia.<\/p>\n<p style=\"text-align: justify;\" align=\"justify\">1 august \u2013 \u00cen Crimeea are loc o \u00eent\u00e2lnire \u00eentre Ceau\u015fescu \u015fi L.I. Brejnev.<\/p>\n<p style=\"text-align: justify;\" align=\"justify\">13-17 august \u2013 Vizita \u00een Siria a cuplului Ceau\u015fescu, \u00een timpul c\u0103reia s-a inaugurat rafin\u0103ria de la Baniyas.<\/p>\n<p style=\"text-align: justify;\" align=\"justify\">16-17 august \u2013 La Bucure\u015fti are loc Reuniunea ministerial\u0103 a \u0163\u0103rilor membre ale \u201cGrupului celor 77\u201d.<\/p>\n<p style=\"text-align: justify;\" align=\"justify\">6-10 octombrie \u2013 Vizita \u00een Rom\u00e2nia a lui Robert David Muldoon, primul ministru al al Noii Zeelande.<\/p>\n<p style=\"text-align: justify;\" align=\"justify\">7-10 octombrie \u2013 Vizita \u00een Rom\u00e2nia a prin\u0163ului mo\u015ftenitor al Japoniei, Alte\u0163a Sa Imperial\u0103 Akihito \u015fi a so\u0163iei sale prin\u0163esa Michiko.<\/p>\n<p style=\"text-align: justify;\" align=\"justify\">11-12 octombrie \u2013 Vizita \u00een Rom\u00e2nia a lui Hans Dietrich Genscher, vicecancelar \u015fi ministru federal al R.F.G.<\/p>\n<p style=\"text-align: justify;\" align=\"justify\">8-9 noiembrie \u2013 Vizita de prietenie a lui Fran\u00e7ois Mitterand, prim secretar al Partidului Socialist-Francez.<\/p>\n<p style=\"text-align: justify;\" align=\"justify\">1980<\/p>\n<p style=\"text-align: justify;\" align=\"justify\">28-29 ianuarie \u2013 Vizita \u00een Rom\u00e2nia a primului ministru al guvernului landului Bavaria, Franz Josef Strauss, pre\u015fedintele partidului Uniunea Cre\u015ftin Social\u0103.<\/p>\n<p style=\"text-align: justify;\" align=\"justify\">31 ianuarie \u2013 2 februarie \u2013 Vizita de prietenia \u00een Rom\u00e2nia a lui A.A. Grom\u00eeko, membru al Biroului Politic al C.C. al P.C.U.S., ministrul Afacerilor Externe al U.R.S.S.<\/p>\n<p style=\"text-align: justify;\" align=\"justify\">20-23 februarie \u2013 Vizita oficial\u0103 \u00een Rom\u00e2nia a regelui Hussein Ibn Talal al Regatului Ha\u015femit al Iordaniei.<\/p>\n<p style=\"text-align: justify;\" align=\"justify\">12-14 martie \u2013 Vizita oficial\u0103 \u00een Rom\u00e2nia a lordului Peter Alexander Rupert Carrington, ministrul Afacerilor Externe al Marii Britanii.<\/p>\n<p style=\"text-align: justify;\" align=\"justify\">17-20 martie \u2013 Vizita oficial\u0103 \u00een Rom\u00e2nia a generalului de Corp de Armat\u0103 Mobutu S\u00e9s\u00e9 S\u00e9ko Kuku Ngbendu Wa Za Banga, pre\u015fedintele Republicii Zair, prilej cu care se semneaz\u0103 Tratatul de prietenie \u015fi colaborare \u00eentre Rom\u00e2nia \u015fi Zair.<\/p>\n<p style=\"text-align: justify;\" align=\"justify\">9-12 mai \u2013 Vizita \u00een Rom\u00e2nia a pre\u015fedintelui R.P.D. Coreene, Kim Ir Sen.<\/p>\n<p style=\"text-align: justify;\" align=\"justify\">14-15 mai \u2013 N. Ceau\u015fescu conduce delega\u0163ia Rom\u00e2niei la lucr\u0103rile Consf\u0103tuirii Comitetului Politic consultativ al statelor participante la Tratatul de la Var\u015fovia, desf\u0103\u015furat\u0103 la Var\u015fovia.<\/p>\n<p style=\"text-align: justify;\" align=\"justify\">8-9 iunie \u2013 Vizita oficial\u0103 \u00een Rom\u00e2nia a ministrului Afacerilor Externe al Fran\u0163ei, Jean- Fran\u00e7ois Poncet.<\/p>\n<p style=\"text-align: justify;\" align=\"justify\">23-26 iulie \u2013 Vizita oficial\u0103 \u00een Fran\u0163a a cuplului Ceau\u015fescu, care poart\u0103 convorbiri cu pre\u015fedintele Republicii Franceze, Val\u00e9ry Giscard D\u2019Estaing.4 august \u2013 \u00centrevedere Ceau\u015fescu \u2013 Brejnev \u00een Crimeea.<\/p>\n<p style=\"text-align: justify;\" align=\"justify\">3-6 septembrie \u2013 Vizita \u00een Rom\u00e2nia apre\u015fedintelui Republicii Elene, Konstantinos Karamanlis.<\/p>\n<p style=\"text-align: justify;\" align=\"justify\">6-10 noiembrie \u2013 Vizita oficial\u0103 \u00een Suedia a cuplului Ceau\u015fescu, care este primit de Majestatea Sa regele Carol al XVI-lea Gustav \u015fi regina Silvia, av\u00e2nd convorbiri oficiale cu primul ministru al Suediei, Thorbj\u00f6rn F\u00e4lldin.<\/p>\n<p style=\"text-align: justify;\" align=\"justify\">10-13 noiembrie \u2013 Vizita de stat \u00een Norvegia a cuplului Ceau\u015fescu, unde se \u00eent\u00e2lne\u015fte cu Maiestatea Sa regele Olav al V-lea \u015fi are convorbiri cu primul ministru al Norvegiei, Odvar Nordli.<\/p>\n<p style=\"text-align: justify;\" align=\"justify\">5 decembrie \u2013 N. Ceau\u015fescu particip\u0103 la Moscova la \u00eent\u00e2lnirea conduc\u0103torilor de partid \u015fi de stat ai \u0163\u0103rilor participante la Tratatul de la Var\u015fovia.<\/p>\n<p style=\"text-align: justify;\" align=\"justify\">Autor: MNIR<\/p>\n","protected":false},"excerpt":{"rendered":"<p>1971 11 februarie \u2013 Semnarea la Moscova, Londra \u015fi Washington de c\u0103tre \u00eemputernici\u0163ii guvernului rom\u00e2n a Tratatului de prietenie cu privire la interzicerea amplas\u0103rii armelor nucleare \u015fi a altor arme de distrugere \u00een mas\u0103 pe fundul m\u0103rilor \u015fi ocenelor \u015fi \u00een subsolul lor. 18-19 februarie \u2013 Are loc la Bucure\u015fti Consf\u0103tuirea mini\u015ftrilor Afacerilor Externe din [&hellip;]<\/p>\n","protected":false},"author":1,"featured_media":0,"comment_status":"closed","ping_status":"closed","sticky":false,"template":"","format":"standard","meta":{"_exactmetrics_skip_tracking":false,"_exactmetrics_sitenote_active":false,"_exactmetrics_sitenote_note":"","_exactmetrics_sitenote_category":0,"footnotes":""},"categories":[20],"tags":[],"class_list":["post-3060","post","type-post","status-publish","format-standard","hentry","category-articole"],"gutentor_comment":0,"_links":{"self":[{"href":"https:\/\/www.comunismulinromania.ro\/index.php\/wp-json\/wp\/v2\/posts\/3060","targetHints":{"allow":["GET"]}}],"collection":[{"href":"https:\/\/www.comunismulinromania.ro\/index.php\/wp-json\/wp\/v2\/posts"}],"about":[{"href":"https:\/\/www.comunismulinromania.ro\/index.php\/wp-json\/wp\/v2\/types\/post"}],"author":[{"embeddable":true,"href":"https:\/\/www.comunismulinromania.ro\/index.php\/wp-json\/wp\/v2\/users\/1"}],"replies":[{"embeddable":true,"href":"https:\/\/www.comunismulinromania.ro\/index.php\/wp-json\/wp\/v2\/comments?post=3060"}],"version-history":[{"count":0,"href":"https:\/\/www.comunismulinromania.ro\/index.php\/wp-json\/wp\/v2\/posts\/3060\/revisions"}],"wp:attachment":[{"href":"https:\/\/www.comunismulinromania.ro\/index.php\/wp-json\/wp\/v2\/media?parent=3060"}],"wp:term":[{"taxonomy":"category","embeddable":true,"href":"https:\/\/www.comunismulinromania.ro\/index.php\/wp-json\/wp\/v2\/categories?post=3060"},{"taxonomy":"post_tag","embeddable":true,"href":"https:\/\/www.comunismulinromania.ro\/index.php\/wp-json\/wp\/v2\/tags?post=3060"}],"curies":[{"name":"wp","href":"https:\/\/api.w.org\/{rel}","templated":true}]}}