{"id":231,"date":"2009-10-11T10:50:32","date_gmt":"2009-10-11T07:50:32","guid":{"rendered":"http:\/\/localhost\/comunismul\/?p=231"},"modified":"2015-10-23T17:41:47","modified_gmt":"2015-10-23T14:41:47","slug":"presedintii-organelor-puterii-de-stat","status":"publish","type":"post","link":"https:\/\/www.comunismulinromania.ro\/index.php\/presedintii-organelor-puterii-de-stat\/","title":{"rendered":"Pre\u015fedin\u0163ii \u201corganelor puterii de stat\u201d"},"content":{"rendered":"<p>Pre\u015fedin\u0163ii Consiliului de Mini\u015ftri (1945 \u2013 1989)<\/p>\n<p>Petru Groza &#8211; 1945 &#8211; 1952<\/p>\n<p>Gheorghe Gheorghiu \u2013 Dej \u2013 1952 \u2013 1955<\/p>\n<p>Chivu Stoica \u2013 1955 \u2013 1961<\/p>\n<p>Ion Gheorghe Maurer \u2013 1961 \u2013 1974<\/p>\n<p>Manea M\u0103nescu \u2013 1974 \u2013 1979<\/p>\n<p>Ilie Verde\u0163 \u2013 1979 \u2013 1982<\/p>\n<p>Constantin D\u0103sc\u0103lescu \u2013 1982 \u2013 1989<\/p>\n<p>&nbsp;<\/p>\n<p>Pre\u015fedin\u0163ii Marii Adun\u0103ri Na\u0163ionale (1947 &#8211; 1989):<\/p>\n<p>Mihail Sadoveanu \u2013 1947 \u2013 1948<\/p>\n<p>Constantin I. Parhon \u2013 1948 \u2013 1952<\/p>\n<p>Petru Groza \u2013 2 iunie 1952 &#8211; 7 ianuarie 1958 (\u00eentre 7 \u015fi 11 ianuarie 1958, conducerea interimar\u0103 a fost asigurat\u0103 de vicepre\u015fedin\u0163ii Mihail Sadoveanu \u015fi Anton Moisescu)<\/p>\n<p>Ion Gheorghe Maurer \u2013 1958 \u2013 1961<\/p>\n<p>\u015etefan Voitec \u20131961 \u20131974<\/p>\n<p>Miron Constantinescu \u2013 1974<\/p>\n<p>Nicolae Giosan \u2013 1974 \u2013 1989<\/p>\n<p>&nbsp;<\/p>\n<p>Pre\u015fedin\u0163ii Consiliului de Stat al R.P.R.\/R.S.R. (1961 &#8211; 1989):<\/p>\n<p>Gheorghe Gheorghiu \u2013 Dej \u2013 1961 \u2013 1965<\/p>\n<p>Chivu Stoica \u2013 1965 \u2013 1967<\/p>\n<p>Nicolae Ceau\u015fescu \u2013 1967 \u2013 1989<\/p>\n<p>&nbsp;<\/p>\n<p>Conform \u201eDic\u0163ionarului Enciclopedic\u201d, Editura \u015etiin\u0163ific\u0103 \u015fi Enciclopedic\u0103, Bucure\u015fti 1986:<\/p>\n<p>Consiliul de Mini\u015ftri al Republicii Socialiste Rom\u00e2nia: organul suprem al administra\u0163iei de stat. Ales de Marea Adunare Na\u0163ionale pe durata unei legislaturi \u015fi r\u0103spunz\u0103tor fa\u0163\u0103 de acesta, iar \u00een intervalul dintre sesiuni, \u00een fa\u0163a Consiliului de Stat. Are exerci\u0163iul general al activit\u0103\u0163ii executive.<\/p>\n<p>Marea Adunare Na\u0163ional\u0103 a Republicii Socialiste Rom\u00e2nia: organ suprem al puterii de stat \u015fi unicul organ legiuitor, ales pentru o legislatur\u0103 de cinci ani. Este alc\u0103tuit din 349 deputa\u0163i \u015fi \u00een cadrul ei func\u0163ioneaz\u0103 nou\u0103 comisii permanente.<\/p>\n<p>Consiliul de Stat al Republicii Socialiste Rom\u00e2nia: organ suprem al puterii de stat cu activitate permanent\u0103, subordonat Marii Adun\u0103ri Na\u0163ionale \u015fi ales de aceasta dintre membrii s\u0103i, pe durata unei legislaturi. Pre\u015fedintele R.S.R. este pre\u015fedinte al Consiliului de Stat.<\/p>\n<p>&nbsp;<\/p>\n","protected":false},"excerpt":{"rendered":"<p>Pre\u015fedin\u0163ii Consiliului de Mini\u015ftri (1945 \u2013 1989) Petru Groza &#8211; 1945 &#8211; 1952 Gheorghe Gheorghiu \u2013 Dej \u2013 1952 \u2013 1955 Chivu Stoica \u2013 1955 \u2013 1961 Ion Gheorghe Maurer \u2013 1961 \u2013 1974 Manea M\u0103nescu \u2013 1974 \u2013 1979 Ilie Verde\u0163 \u2013 1979 \u2013 1982 Constantin D\u0103sc\u0103lescu \u2013 1982 \u2013 1989 &nbsp; Pre\u015fedin\u0163ii Marii [&hellip;]<\/p>\n","protected":false},"author":1,"featured_media":0,"comment_status":"closed","ping_status":"closed","sticky":false,"template":"","format":"standard","meta":{"_exactmetrics_skip_tracking":false,"_exactmetrics_sitenote_active":false,"_exactmetrics_sitenote_note":"","_exactmetrics_sitenote_category":0,"footnotes":""},"categories":[20],"tags":[],"class_list":["post-231","post","type-post","status-publish","format-standard","hentry","category-articole"],"gutentor_comment":0,"_links":{"self":[{"href":"https:\/\/www.comunismulinromania.ro\/index.php\/wp-json\/wp\/v2\/posts\/231","targetHints":{"allow":["GET"]}}],"collection":[{"href":"https:\/\/www.comunismulinromania.ro\/index.php\/wp-json\/wp\/v2\/posts"}],"about":[{"href":"https:\/\/www.comunismulinromania.ro\/index.php\/wp-json\/wp\/v2\/types\/post"}],"author":[{"embeddable":true,"href":"https:\/\/www.comunismulinromania.ro\/index.php\/wp-json\/wp\/v2\/users\/1"}],"replies":[{"embeddable":true,"href":"https:\/\/www.comunismulinromania.ro\/index.php\/wp-json\/wp\/v2\/comments?post=231"}],"version-history":[{"count":0,"href":"https:\/\/www.comunismulinromania.ro\/index.php\/wp-json\/wp\/v2\/posts\/231\/revisions"}],"wp:attachment":[{"href":"https:\/\/www.comunismulinromania.ro\/index.php\/wp-json\/wp\/v2\/media?parent=231"}],"wp:term":[{"taxonomy":"category","embeddable":true,"href":"https:\/\/www.comunismulinromania.ro\/index.php\/wp-json\/wp\/v2\/categories?post=231"},{"taxonomy":"post_tag","embeddable":true,"href":"https:\/\/www.comunismulinromania.ro\/index.php\/wp-json\/wp\/v2\/tags?post=231"}],"curies":[{"name":"wp","href":"https:\/\/api.w.org\/{rel}","templated":true}]}}