{"id":2211,"date":"2015-03-11T13:07:20","date_gmt":"2015-03-11T11:07:20","guid":{"rendered":"http:\/\/new.comunismulinromania.ro\/?p=2211"},"modified":"2015-03-11T13:08:20","modified_gmt":"2015-03-11T11:08:20","slug":"proiect-expozitional-interactiv-70-80-tineretea-noastra","status":"publish","type":"post","link":"https:\/\/www.comunismulinromania.ro\/index.php\/proiect-expozitional-interactiv-70-80-tineretea-noastra\/","title":{"rendered":"Proiect expozi\u0163ional interactiv. \u00b470-\u00b480. Tinere\u0163ea noastr\u0103."},"content":{"rendered":"<p style=\"text-align: justify;\">Anii \u00b470-\u00b480. Tinere\u0163ea noastr\u0103 \u00een comunism. Un proiect expozi\u0163ional interactiv realizat de Muzeul Na\u0163ional de Istorie \u015fi Consiliu Na\u0163ional pentru Studierea Arhivelor Securit\u0103\u0163ii<\/p>\n<h3 style=\"text-align: justify;\">1. Prezentare<\/h3>\n<p style=\"text-align: justify;\">Expozi\u0163ia face parte dintr-un proiect mai amplu ini\u0163iat de CNSAS, \u00een 2009, cu tema: Tinere\u0163ea mea \u00een comunism \u2013 \u00eentre libertate \u015fi constr\u00e2ngere!<br \/>\nDemersul nostru este cel de a aduce la lumin\u0103 experien\u0163ele celor care au tr\u0103it copil\u0103ria \u015fi tinere\u0163ea \u00een comunism, \u00een condi\u0163ii de constr\u00e2ngere \u015fi cenzur\u0103, \u00een condi\u0163iile unei dezvolt\u0103ri educa\u0163ionale \u015fi personale configurate ideologic.<br \/>\nCa urmare, am fost preocupa\u0163i s\u0103 ilustr\u0103m prin intermediul documentelor p\u0103strate \u00een arhivele Consiliului Na\u0163ional pentru Studierea Arhivelor Securit\u0103\u0163ii (CNSAS) modalit\u0103\u0163ile prin care Securitatea supraveghea, influen\u0163a \u015fi controla via\u0163a tinerilor \u00een comunism, precum \u015fi dimensiunile evad\u0103rii adolescentine \u00een lumile posibile ale imagina\u0163iei, ale experien\u0163elor interzise.<br \/>\nPornind de la platforma ideologic\u0103 reflectat\u0103 \u00een sintezele \u015fi analizele \u00eentocmite de Securitate pe\u00a0 problema \u201eTineretului studios\u201d (educa\u0163ie, activit\u0103\u0163i pentru tineri \u00eencurajate \u015fi sprijinite de partid, concursuri na\u0163ionale, educa\u0163ia patriotic\u0103, taberele \u015fcolare etc),\u00a0 continu\u00e2nd cu mijloacele, metodele \u015fi tehnicile utilizate (informatorii, controlul coresponden\u0163ei, filajul, \u00eenregistr\u0103ri audio-video, perchezi\u0163ii, anchete) \u015fi \u00eencheind cu efectele unor astfel de ac\u0163iuni (avertiz\u0103ri, punerea \u00een dezbatere public\u0103, sanc\u0163iuni etc.), publicul va putea reconstitui, analiza \u015fi \u00een\u0163elege care au fost mecanismele formative ale unui sistem totalitar, precum \u015fi cele ale convertirii \u015fi manipul\u0103rii con\u015ftiin\u0163elor.<br \/>\nPentru tinerii de ast\u0103zi, dar \u015fi pentru cei care nu au o imagine destul de clar\u0103 despre perioada anilor \u00b470-\u00b480, expozi\u0163ia este un prilej de a proiecta, la timpul prezent, m\u0103car o zi sau o secven\u0163a din aceast\u0103 perioad\u0103: cu interdic\u0163ii, cu teama c\u0103 \u201cvine Securitatea!\u201d, cu excesiva vigilen\u0163\u0103 de a nu vorbi sau a g\u00e2ndi mai mult dec\u00e2t trebuie, cu telefonul acoperit cu perna, presupun\u00e2nd c\u0103 exist\u0103 un microfon instalat, cu caloriferele \u00eenchise, f\u0103r\u0103 lumin\u0103, cu un emsiuni radio \u015fi TV dedicate \u201c\u00eemplinirilor m\u0103re\u0163e ale Epocii de Aur\u201d, cu &#8222;Europa Libera&#8221; ascultata pe ascuns, cu alimentele la ra\u0163ie \u015fi r\u00e2ndul p\u0103strat la coad\u0103 pentru carne \u015fi ou\u0103, dar, \u00een acelasi timp, cu micile bucurii ale t\u00e2n\u0103rului de ATUNCI.<\/p>\n<h3 style=\"text-align: justify;\">2.\u00a0\u00a0 Tinerii \u00een dosarele \u00eentocmite de Securitate<\/h3>\n<p style=\"text-align: justify;\">2.1. \u201eAngajamentul\u201d\u00a0 ideologic \u2013 sinteze \u015fi analize \u00eentocmite de Securitate \u00een problema \u201eTineretului studios\u201d\u00a0 &#8211; educa\u0163ia \u015fi cultura de mas\u0103 supravegheat\u0103 de Securitate (o scurt\u0103 privire asupra \u00eenv\u0103\u0163\u0103m\u00e2ntului \u00een perioada comunist\u0103, activit\u0103\u0163i pentru tineri \u00eencurajate \u015fi sprijinite de partid, concursuri na\u0163ionale, educa\u0163ia patriotic\u0103, taberele \u015fcolare- tipurile de activit\u0103\u0163i practicate, publica\u0163ii\u00a0 etc)<\/p>\n<p>Ofi\u0163erii de SECURITATE le explicau PIONIERILOR \u015eI ELEVILOR de liceu care trebuie s\u0103 fie CONDUITA lor at\u00e2t la cursuri, c\u00e2t \u015fi \u00een timpul liber.<\/p>\n<p>2.2. Tineri urm\u0103ri\u0163i de Securitate \u2013\u00a0 motive, metodele \u015fi tehnicile folosite de Securitate pentru supravegherea tinerilor.<br \/>\n1988 &#8211; fragment \u00een care se consemneaz\u0103 influen\u0163area pozitiv\u0103 a unui student filolog.<br \/>\n1989 \u2013 \u201eafirma\u0163ii denigratoare la adresa politicii RSR \u015fi a conducerii superioare de partid \u015fi de stat\u201d\u00a0 f\u0103cute de un student \u00een cercul s\u0103u de colegi, printre care se afla \u015fi sursa \u201eDan\u201d.<br \/>\n1981 \u2013 discu\u0163ii familiale interceptate \u015fi consemnate \u00een scris de Securitate. Dup\u0103 cum sugereaz\u0103 \u015fi titlul,\u00a0 \u201eobiectivul\u201d este un elev de liceu.<br \/>\nElev, anul I de liceu, urm\u0103rit pentru c\u0103 \u015fi-a exprimat dorin\u0163a de a emigra \u00een Spania, f\u0103r\u0103 s\u0103 \u015ftie c\u0103 interlocutorul este o surs\u0103 a Securit\u0103\u0163ii.<br \/>\n1976 &#8211; Not\u0103\u00a0 despre avertizarea unui grup de studen\u0163i pentru manifest\u0103ri ostile la adresa politicii PCR.<br \/>\n1985 &#8211; solicitare de instalare dispozitive T.O. (interceptarea convorbirilor telefonice) la domiciliul unui elev, urm\u0103rit de Securitate.<\/p>\n<p>2.3. Convertirea \u015fi manipularea con\u015ftiin\u0163elor\u00a0 &#8211; o scurt\u0103 istorie de \u00eenv\u0103\u0163area a R\u0103ului!<br \/>\nFi\u015fa colaboratorului din r\u00e2ndul elevilor<br \/>\nO not\u0103 informativ\u0103 scris\u0103 de un elev de liceu.<br \/>\nNot\u0103 informativ\u0103 a unui student.<br \/>\nNot\u0103 de dirijare a unui informator student<\/p>\n<p>2.4. \u00cen c\u0103utarea libert\u0103\u0163ii! \u2013 fuga din \u0163ar\u0103, Radio Europa Liber\u0103, cultura pop-rock, alte grupuri, Cenaclul Flac\u0103ra, cluburi, via\u0163a cotidian\u0103 a tinerilor etc<\/p>\n<p>1. Tinerii care au participat la un spectacol al \u201eCenaclului Flac\u0103ra\u201d au fost re\u0163inu\u0163i de Mili\u0163ie.<br \/>\nScrisoarea unui t\u00e2n\u0103r interceptat\u0103 de Securitate cu privire la emisiunile Radio Europa Liber\u0103<br \/>\nFanii muzicii \u201eHeavy Metal\u201d din Ia\u015fi au \u00eenfiin\u0163at gruparea \u201eAspida\u201d, trezind \u00eengrijorarea Securit\u0103\u0163ii.<br \/>\nElev de liceu, surprins \u00een tentativa de trecere ilegal\u0103 a frontierei, ]n timp ce \u201eapela\u201d la o ambarca\u0163iune f\u0103r\u0103 motor;<\/p>\n<h3 style=\"text-align: justify;\">3.\u00a0 Expo &#8211; StudioFilm<\/h3>\n<p style=\"text-align: justify;\">Un spa\u0163iu amenjat pentru vizitatori expozi\u0163iei unde pot viziona filme documentare \u015fi interviuri puse la dispozi\u0163ie de Consiliu Na\u0163ional pentru Studierea Arhivelor Securit\u0103\u0163ii, Centrul de Istorie Orall\u0103.<br \/>\n\u00cen program, \u00een fiecare zi de mar\u0163i p\u00een\u0103 duminic\u0103, \u00eentre orele 10 \u015fi 16:<br \/>\nSupravegheat de Securitate \u00een anii 70-80, realizat de CNSAS \u015fi EACEA, \u00een regia lui Nicolae M\u0103rgineanu, 2009.<br \/>\nDemascarea &#8211; regia Nicolae M\u0103rgineanu.<br \/>\nArhitectura \u015fi Puterea &#8211;\u00a0 regia Nicolae M\u0103rgineanu.<br \/>\nNoi nu am avut tinerete \u2013 regia Mihai Constantinescu<br \/>\nClonarea omului nou- regia Mihai Constantinescu<br \/>\nAnii tinere\u0163ii noastre \u2013 regia Mihai ConstantinescuI<br \/>\nInterviuri cu tinerii de ATUNCI, realizate de Centrul de Istorie Oral\u0103 \u2013 CNSAS.<\/p>\n<h3 style=\"text-align: justify;\">4. ACUM despre ATUNCI<\/h3>\n<p style=\"text-align: justify;\">Ce spun tinerii de ATUNCI dup\u0103 ce au v\u0103zut dosarele \u00eentocmite de Securitate. Fragmente din interviurile realizate de Centrul de Istorie Oral\u0103, CNSAS.<br \/>\nDespre via\u0163a cotidian\u0103 a tinerilor<\/p>\n<p>\/\u2026\/\u00a0 Via\u0163a de atunci nu avea deplina libertate. Deci, te sim\u0163eai ca \u00eentr-o colivie. Mul\u0163i se compl\u0103ceau \u00een aceast\u0103 situa\u0163ie fiindc\u0103 regimul era totalitar dar socialismul ca \u015fi curent d\u0103dea de m\u00e2ncare la toat\u0103 lumea, aveai asigurat un serviciu\u2026 toat\u0103 lumea avea deci un serviciu, o cas\u0103, \u00een general primea aproape toat\u0103 lumea. Deci, ca s\u0103 zic a\u015fa\u2026 lumea era \u00eemp\u0103cat\u0103 cu aceast\u0103 situa\u0163ie material\u0103 \u015fi mai pu\u0163in spiritual\u0103. Adic\u0103, nu c\u0103utau mai mult. \/\u2026\/<\/p>\n<p>\/\u2026\/ \u00cen perioada aia, ca distrac\u0163ie mi se p\u0103rea c\u0103 nu ai posibilitate s\u0103 ai\u2026 Deci te sim\u0163eai \u00eenchis. Cum s\u0103 te distrezi \u00eentr-o \u00eenchisoare? A! Vedeam filmele traduse de Irina Nistor. Ne \u00eentruneam c\u00e2te 8-10 oameni \u00eentr-o sufragerie \u015fi ne uitam la film. Vedeam c\u00e2te trei-patru filme odat\u0103. Tot ce vroiai puteai vedea. [\u2026] Video cam se aducea de afar\u0103. Aveau aproape\u2026 din 10 cuno\u015ftin\u0163e una avea. Ca \u015fi televizoare color. Cei cu pile luau pe \u00eenscriere, restul luau la m\u00e2na a doua, la\u2026 mai se g\u0103seau, nu po\u0163i s\u0103 zici. [\u2026] Ca distrac\u0163ie, \u00een facultate erau balurile de la Medicin\u0103 \u015fi de la Electronic\u0103 dar mergeai o dat\u0103, de dou\u0103 ori \u015fi nu prea\u2026\/\u2026\/ (ACIO &#8211; CNSAS, interviu cu\u00a0 Adriana Vertan, realizat Denisa Budeanc\u0103, fragment transcris de Denisa Budeanc\u0103)<\/p>\n<p>\/\u2026\/\u00a0 Pe atunci se f\u0103cea \u015fi a\u015fa-numita practic\u0103. Practica \u00een primii doi ani \u00eensemna\u2026 ne duceam \u00een agricultur\u0103, c\u00e2ndva, toamna, c\u00e2te o lun\u0103 sau dou\u0103 s\u0103pt\u0103m\u00e2ni\u2026 Nu-mi mai aduc bine aminte \u015fi culegeam morcovi, struguri, tot felul de minuni de genul acesta. Ei, \u015f-acolo, omul st\u00e2nd \u00eempreun\u0103 cu ceilal\u0163i \u00eentr-o comunitate\u2026 Mi-aduc aminte\u2026 eu aveam o\u2026 un tricou\u2026 Mi-a pl\u0103cut\u2026 Foarte mi\u015fto\u2026 Mi-a pl\u0103cut foarte mult \u015fi era un tricou ok cu o forma\u0163ie cunoscut\u0103 din Occident. Ce forma\u0163ie? Parc\u0103 era Rolling Stones. Mi\u015fto, a\u015fa scria Rolling Stones. Pe vremuri blugii \u015fi chestiile astea erau la mod\u0103, ca s\u0103 zic a\u015fa \u015fi c\u0103utate. \/\u2026\/<\/p>\n<p>\/\u2026\/\u00a0Pe vremuri era \u015fi o cas\u0103\u2026 este \u015fi acuma dar atunci era mai activ\u0103\u2026 O cas\u0103 de cultur\u0103 a maghiarilor din Bucure\u015fti, Casa Petofi Sandor, acolo l\u00e2ng\u0103 Parcul Ci\u015fmigiu. Acolo noi tinerii ne adunam, mai f\u0103ceam c\u00e2te un bal de boboci, mai f\u0103ceam c\u00e2te o discotec\u0103. La un moment dat chiar eu eram care\u2026 fiind la electronic\u0103, am adus ni\u015fte scule, am \u00eemprumutat \u015fi org\u0103 de lumini \u015fi io\u2026 io f\u0103ceam discoteca. Discoteca\u00a0! M\u0103 rog, era o chestie mult mai mic\u0103 \u015fi mai \u015fubred\u0103 dec\u00e2t este acuma.\u00a0\/\u2026\/ (ACIO &#8211; CNSAS, interviu cu Sandor Kacso, realizat Denisa Budeanc\u0103, fragment transcris de Denisa Budeanc\u0103)<\/p>\n<p>\/\u2026\/ \u00cen al doilea\u00a0 r\u00e2nd, am fost \u00eenc\u0103 din adolescen\u0163\u0103 parte dintr-un grup literar care s-a format \u00een jurul lui Alexandru Mu\u015fina\u00a0 \u015fi unde noi am avut \u015fansa enorm\u0103 de a descoperi lucrul cel mai bun pe care-l are omul, adic\u0103 libertatea \u015fi lipsa libert\u0103\u0163ii. \u015ei-atunci, dac\u0103 ai percep\u0163ia asta de la 16-17 ani, c\u00e2nd ajungi student nu mai po\u0163i s\u0103 fii min\u0163it cu orice. Sigur c\u0103 eu, ajung\u00e2nd din anul \u00eent\u00e2i acolo, am spus ceva la un moment dat \u00eentr-un mediu, eram bine\u00een\u0163eles de-o naivitate perfect\u0103, erau colegii mei, cum s\u0103 b\u0103nuiesc eu c\u0103 vreunul dintre profesori este turn\u0103tor, \u015fi, de\u015fi evident c\u0103, iar repet, c\u0103 din familie \u015ftiam, tata a fost la r\u00e2ndul lui urm\u0103rit de Securitate, o istorie \u00eentreag\u0103 care ar merita ea \u00eens\u0103\u015fi\u2026pentru c\u0103 este fabuloas\u0103 \u00een dezvoltarea ei paranoid\u0103. \/\u2026\/ (ACIO &#8211; CNSAS, interviu cu Andrei Bodiu, realizat Daniela Iamandi, fragment transcris de Cipriana Moisa)<\/p>\n<p>\/\u2026\/ Ce resim\u0163eam foarte greu era acea \u00eendoctrinare ideologic\u0103 la care eram supu\u015fi. Faptul c\u0103 trebuia s\u0103 \u00eenv\u0103\u0163\u0103m anumite cursuri\u2026 era materialismul dialectic, materialism istoric, socialism \u015ftiin\u0163ific\u2026 care nu prea se \u00eencadra \u00een forma\u0163ia noastr\u0103 de istorici. Sigur c\u0103 exist\u0103 \u015fi curentul marxist al istoriei dar nu era neap\u0103rat nevoie de acea \u00eendoctrinare. \u015ei profesorii \u00eencercau c\u00e2t de c\u00e2t s\u0103 fie mai apropia\u0163i \u015fi\u2026 atunci am \u00eenv\u0103\u0163at cel mai mult s\u0103 citesc printre r\u00e2nduri anumite pasaje. A! Am f\u0103cut \u015fi ateism. \u00cen rest, m\u0103 rog\u2026 a\u015fa cum era perioada aceea cu lipsurile alimentare care erau\u2026 cu lumina\u2026 dar asta mai mult \u00een liceu \u015fi cu\u2026 \u0162in minte c\u0103 a fost un an deosebit de greu c\u00e2nd s-a \u00eentrerupt furnizarea de energie termic\u0103 \u015fi st\u0103team \u00een\u2026 eram \u00een clasa a XII-a \u015fi st\u0103team \u00een clas\u0103 cu paltoane \u015fi cu m\u0103nu\u015fi. \/\u2026\/ (ACIO &#8211; CNSAS, interviu cu Liviu Bejinaru, realizat de Cristina Anisescu, fragment transcris de Cipriana Moisa)<\/p>\n","protected":false},"excerpt":{"rendered":"<p>Anii \u00b470-\u00b480. Tinere\u0163ea noastr\u0103 \u00een comunism. Un proiect expozi\u0163ional interactiv realizat de Muzeul Na\u0163ional de Istorie \u015fi Consiliu Na\u0163ional pentru Studierea Arhivelor Securit\u0103\u0163ii 1. Prezentare Expozi\u0163ia face parte dintr-un proiect mai amplu ini\u0163iat de CNSAS, \u00een 2009, cu tema: Tinere\u0163ea mea \u00een comunism \u2013 \u00eentre libertate \u015fi constr\u00e2ngere! Demersul nostru este cel de a aduce [&hellip;]<\/p>\n","protected":false},"author":1,"featured_media":0,"comment_status":"open","ping_status":"closed","sticky":false,"template":"","format":"standard","meta":{"_exactmetrics_skip_tracking":false,"_exactmetrics_sitenote_active":false,"_exactmetrics_sitenote_note":"","_exactmetrics_sitenote_category":0,"footnotes":""},"categories":[51],"tags":[],"class_list":["post-2211","post","type-post","status-publish","format-standard","hentry","category-proiect-expozitional"],"gutentor_comment":0,"_links":{"self":[{"href":"https:\/\/www.comunismulinromania.ro\/index.php\/wp-json\/wp\/v2\/posts\/2211","targetHints":{"allow":["GET"]}}],"collection":[{"href":"https:\/\/www.comunismulinromania.ro\/index.php\/wp-json\/wp\/v2\/posts"}],"about":[{"href":"https:\/\/www.comunismulinromania.ro\/index.php\/wp-json\/wp\/v2\/types\/post"}],"author":[{"embeddable":true,"href":"https:\/\/www.comunismulinromania.ro\/index.php\/wp-json\/wp\/v2\/users\/1"}],"replies":[{"embeddable":true,"href":"https:\/\/www.comunismulinromania.ro\/index.php\/wp-json\/wp\/v2\/comments?post=2211"}],"version-history":[{"count":0,"href":"https:\/\/www.comunismulinromania.ro\/index.php\/wp-json\/wp\/v2\/posts\/2211\/revisions"}],"wp:attachment":[{"href":"https:\/\/www.comunismulinromania.ro\/index.php\/wp-json\/wp\/v2\/media?parent=2211"}],"wp:term":[{"taxonomy":"category","embeddable":true,"href":"https:\/\/www.comunismulinromania.ro\/index.php\/wp-json\/wp\/v2\/categories?post=2211"},{"taxonomy":"post_tag","embeddable":true,"href":"https:\/\/www.comunismulinromania.ro\/index.php\/wp-json\/wp\/v2\/tags?post=2211"}],"curies":[{"name":"wp","href":"https:\/\/api.w.org\/{rel}","templated":true}]}}