{"id":153,"date":"2015-02-03T13:06:14","date_gmt":"2015-02-03T13:06:14","guid":{"rendered":"http:\/\/localhost\/comunismul\/?post_type=portfolio&#038;p=153"},"modified":"2015-10-20T14:36:21","modified_gmt":"2015-10-20T11:36:21","slug":"vizite-de-lucru-viii","status":"publish","type":"post","link":"https:\/\/www.comunismulinromania.ro\/index.php\/vizite-de-lucru-viii\/","title":{"rendered":"Vizite de lucru VIII"},"content":{"rendered":"<p>[vc_row][vc_column width=&#8221;1\/1&#8243;][vc_media_grid style=&#8221;all&#8221; items_per_page=&#8221;10&#8243; element_width=&#8221;4&#8243; gap=&#8221;10&#8243; filter_size=&#8221;md&#8221; button_style=&#8221;rounded&#8221; button_color=&#8221;blue&#8221; button_size=&#8221;md&#8221; arrows_design=&#8221;none&#8221; arrows_position=&#8221;inside&#8221; arrows_color=&#8221;blue&#8221; paging_design=&#8221;radio_dots&#8221; paging_color=&#8221;grey&#8221; loop=&#8221;&#8221; autoplay=&#8221;-1&#8243; item=&#8221;mediaGrid_Default&#8221; include=&#8221;5824,5825,5826,5827,5828,5829,5830,5831,5832,5833,5835,5836,5837,5838,5839,5840,5841,5842,5843,5844&#8243;][\/vc_column][\/vc_row]<\/p>\n","protected":false},"excerpt":{"rendered":"<p>1976 &#8211; Inaugurarea platformei de foraj marin \u201cGloria\u201d \/\/ 1976 &#8211; Vizita de lucru \u00een Capital\u0103 &#8211; intersec\u0163ia Pantelimon \/\/ 1976 &#8211; Vizita de lucru \u00een Capital\u0103 &#8211; intersec\u0163ia Pia\u0163a Muncii \/\/ 1976 &#8211; Vizita la Expozi\u0163ia de piel\u0103rie \u015fi \u00cenc\u0103l\u0163\u0103minte \/\/ 1976 &#8211; Vizita la magazinul Eva din Bucure\u015fti \/\/ 1977 &#8211; Vizita la expozi\u0163ia de art\u0103 popular\u0103, art\u0103 plastic\u0103 \u015fi fotografic\u0103 \/\/ 1977 &#8211; Vizita la mina Lupeni \/\/ 1977 &#8211; Vizita la T\u00e2rgul de bunuri de consum \/\/ 1977 &#8211; Vizita la Uzina de Vagoane Arad \/\/ 1978 &#8211; Vizita la Romarta Foc\u015fani \/\/ 1979 &#8211; Ceau\u015fescu \u00een abatajul minei Vulcan \/\/ 1979 Ceau\u015fescu la Muzeul Adamclisi \/\/ 1979 T\u00e2rgul interna\u0163ional de prim\u0103var\u0103 \/\/ 1979 &#8211; Vizita la Arad \/\/ 1979 &#8211; Vizita la Institutul de Biologie \/\/ 1979 &#8211; Vizita la mina Urdari \/\/ 1980 &#8211; Vizita \u00een pia\u0163a Doroban\u0163i din Bucure\u015fti \/\/ 1980 &#8211; Vizita la o gr\u0103dini\u0163\u0103 din Ia\u015fi \/\/ 1981 &#8211; Vizita la Arenele Romane \/\/ 1982 \u2013 Vizita la Institutul de cercet\u0103ri Fundulea<\/p>\n","protected":false},"author":2,"featured_media":5843,"comment_status":"closed","ping_status":"closed","sticky":false,"template":"","format":"standard","meta":{"_exactmetrics_skip_tracking":false,"_exactmetrics_sitenote_active":false,"_exactmetrics_sitenote_note":"","_exactmetrics_sitenote_category":0,"footnotes":""},"categories":[74],"tags":[],"class_list":["post-153","post","type-post","status-publish","format-standard","has-post-thumbnail","hentry","category-vizite-de-lucru"],"gutentor_comment":0,"_links":{"self":[{"href":"https:\/\/www.comunismulinromania.ro\/index.php\/wp-json\/wp\/v2\/posts\/153","targetHints":{"allow":["GET"]}}],"collection":[{"href":"https:\/\/www.comunismulinromania.ro\/index.php\/wp-json\/wp\/v2\/posts"}],"about":[{"href":"https:\/\/www.comunismulinromania.ro\/index.php\/wp-json\/wp\/v2\/types\/post"}],"author":[{"embeddable":true,"href":"https:\/\/www.comunismulinromania.ro\/index.php\/wp-json\/wp\/v2\/users\/2"}],"replies":[{"embeddable":true,"href":"https:\/\/www.comunismulinromania.ro\/index.php\/wp-json\/wp\/v2\/comments?post=153"}],"version-history":[{"count":0,"href":"https:\/\/www.comunismulinromania.ro\/index.php\/wp-json\/wp\/v2\/posts\/153\/revisions"}],"wp:featuredmedia":[{"embeddable":true,"href":"https:\/\/www.comunismulinromania.ro\/index.php\/wp-json\/wp\/v2\/media\/5843"}],"wp:attachment":[{"href":"https:\/\/www.comunismulinromania.ro\/index.php\/wp-json\/wp\/v2\/media?parent=153"}],"wp:term":[{"taxonomy":"category","embeddable":true,"href":"https:\/\/www.comunismulinromania.ro\/index.php\/wp-json\/wp\/v2\/categories?post=153"},{"taxonomy":"post_tag","embeddable":true,"href":"https:\/\/www.comunismulinromania.ro\/index.php\/wp-json\/wp\/v2\/tags?post=153"}],"curies":[{"name":"wp","href":"https:\/\/api.w.org\/{rel}","templated":true}]}}