{"id":126,"date":"2015-02-03T12:33:54","date_gmt":"2015-02-03T12:33:54","guid":{"rendered":"http:\/\/localhost\/comunismul\/?post_type=portfolio&#038;p=126"},"modified":"2023-05-24T12:02:01","modified_gmt":"2023-05-24T09:02:01","slug":"politica-externa-xxiii","status":"publish","type":"post","link":"https:\/\/www.comunismulinromania.ro\/index.php\/politica-externa-xxiii\/","title":{"rendered":"Politic\u0103 extern\u0103 XXIII"},"content":{"rendered":"<p>[vc_row][vc_column][vc_media_grid gap=&#8221;10&#8243; filter_size=&#8221;md&#8221; include=&#8221;3422,3423,3424,3425,3426,3427,3428,3429,3430,3431,3432,3433,3434,3435,3436,3437,3438,3439&#8243; grid_id=&#8221;vc_gid:1684918891791-3a4fa8ad-8dc3-5&#8243;][\/vc_column][\/vc_row][vc_row][vc_column][vc_column_text css=&#8221;.vc_custom_1684918919725{padding-bottom: 2% !important;}&#8221;]1979 Vizita \u00een Egipt. Ceau\u015fe\u015ftii cu so\u0163ii Saddat \/\/ 1979 Vizita \u00een Egipt \/\/ 1979 Vizita \u00een Egipt. Semnarea documentelor oficiale \/\/ 1979 Vizita \u00een Zambia. Ceau\u015fescu \u015fi Kaunda \/\/ 1980 Ceau\u015fescu decorat de pre\u015fedintele Camerunului, Ahmadou Ahidjo \/\/ 1980 Vizita lui Erich Honecker (RDG) \/\/ 1982 Ceau\u015fescu la Moscova la 60 de ani de la formarea URSS \/\/ 1983 Vizita \u00een Somalia. Ceau\u015fescu \u015fi Siad Barre \/\/ 1984 Dolores Ibarruri \u00een Romania \/\/ 1984 Vizita \u00een Polonia \/\/ 1984 Vizita \u00een Polonia \/\/ 1984 Vizita \u00een Polonia. Ceaus\u015fescu \u015fi Wojciech Jaruzelski \/\/ 1984 Vizita \u00een Polonia \/\/ 1984 Vizita \u00een Polonia \/\/ 1984 Vizita \u00een Polonia \/\/ 1987 Ceau\u015fescu la Moscova la aniversarea Marii Revolu\u0163ii Socialiste \/\/ 1988 \u00cent\u00e2lnire cu Edward Gierek (Polonia) la Berlin \/\/ Ceau\u015fescu cu Tito[\/vc_column_text][\/vc_column][\/vc_row]<\/p>\n","protected":false},"excerpt":{"rendered":"<p>[vc_row][vc_column][vc_media_grid gap=&#8221;10&#8243; filter_size=&#8221;md&#8221; include=&#8221;3422,3423,3424,3425,3426,3427,3428,3429,3430,3431,3432,3433,3434,3435,3436,3437,3438,3439&#8243; grid_id=&#8221;vc_gid:1684918891791-3a4fa8ad-8dc3-5&#8243;][\/vc_column][\/vc_row][vc_row][vc_column][vc_column_text css=&#8221;.vc_custom_1684918919725{padding-bottom: 2% !important;}&#8221;]1979 Vizita \u00een Egipt. Ceau\u015fe\u015ftii cu so\u0163ii Saddat \/\/ 1979 Vizita \u00een Egipt \/\/ 1979 Vizita \u00een Egipt. Semnarea documentelor oficiale \/\/ 1979 Vizita \u00een Zambia. Ceau\u015fescu \u015fi Kaunda \/\/ 1980 Ceau\u015fescu decorat de pre\u015fedintele Camerunului, Ahmadou Ahidjo \/\/ 1980 Vizita lui Erich Honecker (RDG) \/\/ 1982 Ceau\u015fescu [&hellip;]<\/p>\n","protected":false},"author":2,"featured_media":3439,"comment_status":"closed","ping_status":"closed","sticky":false,"template":"","format":"standard","meta":{"_exactmetrics_skip_tracking":false,"_exactmetrics_sitenote_active":false,"_exactmetrics_sitenote_note":"","_exactmetrics_sitenote_category":0,"footnotes":""},"categories":[69],"tags":[],"class_list":["post-126","post","type-post","status-publish","format-standard","has-post-thumbnail","hentry","category-politica-externa"],"gutentor_comment":0,"_links":{"self":[{"href":"https:\/\/www.comunismulinromania.ro\/index.php\/wp-json\/wp\/v2\/posts\/126","targetHints":{"allow":["GET"]}}],"collection":[{"href":"https:\/\/www.comunismulinromania.ro\/index.php\/wp-json\/wp\/v2\/posts"}],"about":[{"href":"https:\/\/www.comunismulinromania.ro\/index.php\/wp-json\/wp\/v2\/types\/post"}],"author":[{"embeddable":true,"href":"https:\/\/www.comunismulinromania.ro\/index.php\/wp-json\/wp\/v2\/users\/2"}],"replies":[{"embeddable":true,"href":"https:\/\/www.comunismulinromania.ro\/index.php\/wp-json\/wp\/v2\/comments?post=126"}],"version-history":[{"count":1,"href":"https:\/\/www.comunismulinromania.ro\/index.php\/wp-json\/wp\/v2\/posts\/126\/revisions"}],"predecessor-version":[{"id":15100,"href":"https:\/\/www.comunismulinromania.ro\/index.php\/wp-json\/wp\/v2\/posts\/126\/revisions\/15100"}],"wp:featuredmedia":[{"embeddable":true,"href":"https:\/\/www.comunismulinromania.ro\/index.php\/wp-json\/wp\/v2\/media\/3439"}],"wp:attachment":[{"href":"https:\/\/www.comunismulinromania.ro\/index.php\/wp-json\/wp\/v2\/media?parent=126"}],"wp:term":[{"taxonomy":"category","embeddable":true,"href":"https:\/\/www.comunismulinromania.ro\/index.php\/wp-json\/wp\/v2\/categories?post=126"},{"taxonomy":"post_tag","embeddable":true,"href":"https:\/\/www.comunismulinromania.ro\/index.php\/wp-json\/wp\/v2\/tags?post=126"}],"curies":[{"name":"wp","href":"https:\/\/api.w.org\/{rel}","templated":true}]}}