{"id":12491,"date":"2020-12-29T13:18:01","date_gmt":"2020-12-29T11:18:01","guid":{"rendered":"http:\/\/www.comunismulinromania.ro\/?p=12491"},"modified":"2023-04-05T14:44:01","modified_gmt":"2023-04-05T11:44:01","slug":"adunare-festiva-cu-prilejul-inmanarii-steagului-pionerilor-sovietici-catre-pionerii-romani-1949-muzeul-p-c-r-nr-inv-25184","status":"publish","type":"post","link":"https:\/\/www.comunismulinromania.ro\/index.php\/adunare-festiva-cu-prilejul-inmanarii-steagului-pionerilor-sovietici-catre-pionerii-romani-1949-muzeul-p-c-r-nr-inv-25184\/","title":{"rendered":"Adunare festiv\u0103 cu prilejul \u00eenm\u00e2n\u0103rii steagului pionerilor sovietici c\u0103tre pionerii rom\u00e2ni. 1949. Muzeul P.C.R., nr. inv. 25184"},"content":{"rendered":"<p>[vc_row][vc_column][vc_single_image image=&#8221;12492&#8243; alignment=&#8221;center&#8221; onclick=&#8221;img_link_large&#8221;][\/vc_column][\/vc_row]<\/p>\n","protected":false},"excerpt":{"rendered":"<p>[vc_row][vc_column][vc_single_image image=&#8221;12492&#8243; alignment=&#8221;center&#8221; onclick=&#8221;img_link_large&#8221;][\/vc_column][\/vc_row]<\/p>\n","protected":false},"author":6,"featured_media":12492,"comment_status":"closed","ping_status":"closed","sticky":false,"template":"","format":"standard","meta":{"_exactmetrics_skip_tracking":false,"_exactmetrics_sitenote_active":false,"_exactmetrics_sitenote_note":"","_exactmetrics_sitenote_category":0,"footnotes":""},"categories":[62],"tags":[],"class_list":["post-12491","post","type-post","status-publish","format-standard","has-post-thumbnail","hentry","category-educatie-stiinta-cultura"],"gutentor_comment":0,"_links":{"self":[{"href":"https:\/\/www.comunismulinromania.ro\/index.php\/wp-json\/wp\/v2\/posts\/12491","targetHints":{"allow":["GET"]}}],"collection":[{"href":"https:\/\/www.comunismulinromania.ro\/index.php\/wp-json\/wp\/v2\/posts"}],"about":[{"href":"https:\/\/www.comunismulinromania.ro\/index.php\/wp-json\/wp\/v2\/types\/post"}],"author":[{"embeddable":true,"href":"https:\/\/www.comunismulinromania.ro\/index.php\/wp-json\/wp\/v2\/users\/6"}],"replies":[{"embeddable":true,"href":"https:\/\/www.comunismulinromania.ro\/index.php\/wp-json\/wp\/v2\/comments?post=12491"}],"version-history":[{"count":2,"href":"https:\/\/www.comunismulinromania.ro\/index.php\/wp-json\/wp\/v2\/posts\/12491\/revisions"}],"predecessor-version":[{"id":12807,"href":"https:\/\/www.comunismulinromania.ro\/index.php\/wp-json\/wp\/v2\/posts\/12491\/revisions\/12807"}],"wp:featuredmedia":[{"embeddable":true,"href":"https:\/\/www.comunismulinromania.ro\/index.php\/wp-json\/wp\/v2\/media\/12492"}],"wp:attachment":[{"href":"https:\/\/www.comunismulinromania.ro\/index.php\/wp-json\/wp\/v2\/media?parent=12491"}],"wp:term":[{"taxonomy":"category","embeddable":true,"href":"https:\/\/www.comunismulinromania.ro\/index.php\/wp-json\/wp\/v2\/categories?post=12491"},{"taxonomy":"post_tag","embeddable":true,"href":"https:\/\/www.comunismulinromania.ro\/index.php\/wp-json\/wp\/v2\/tags?post=12491"}],"curies":[{"name":"wp","href":"https:\/\/api.w.org\/{rel}","templated":true}]}}