{"id":12471,"date":"2020-12-29T12:51:46","date_gmt":"2020-12-29T10:51:46","guid":{"rendered":"http:\/\/www.comunismulinromania.ro\/?p=12471"},"modified":"2023-04-05T14:57:14","modified_gmt":"2023-04-05T11:57:14","slug":"rosca-aurora-sefa-sectiei-de-pioneri-a-c-c-al-u-t-c-1943-1953-bucuresti-1953-muzeul-p-c-r-nr-inv-25179","status":"publish","type":"post","link":"https:\/\/www.comunismulinromania.ro\/index.php\/rosca-aurora-sefa-sectiei-de-pioneri-a-c-c-al-u-t-c-1943-1953-bucuresti-1953-muzeul-p-c-r-nr-inv-25179\/","title":{"rendered":"Ro\u015fca Aurora, \u015fefa sec\u0163iei de pioneri a C.C. al U.T.C. (1943-1953). Bucure\u015fti, 1953, Muzeul P.C.R., nr. inv. 25179"},"content":{"rendered":"<p>[vc_row][vc_column css=&#8221;.vc_custom_1680695818920{padding-top: 2% !important;padding-bottom: 2% !important;}&#8221;][vc_single_image image=&#8221;12472&#8243; alignment=&#8221;center&#8221; onclick=&#8221;img_link_large&#8221;][\/vc_column][\/vc_row]<\/p>\n","protected":false},"excerpt":{"rendered":"<p>[vc_row][vc_column css=&#8221;.vc_custom_1680695818920{padding-top: 2% !important;padding-bottom: 2% !important;}&#8221;][vc_single_image image=&#8221;12472&#8243; alignment=&#8221;center&#8221; onclick=&#8221;img_link_large&#8221;][\/vc_column][\/vc_row]<\/p>\n","protected":false},"author":6,"featured_media":12472,"comment_status":"closed","ping_status":"closed","sticky":false,"template":"","format":"standard","meta":{"_exactmetrics_skip_tracking":false,"_exactmetrics_sitenote_active":false,"_exactmetrics_sitenote_note":"","_exactmetrics_sitenote_category":0,"footnotes":""},"categories":[64],"tags":[],"class_list":["post-12471","post","type-post","status-publish","format-standard","has-post-thumbnail","hentry","category-ilegalisti"],"gutentor_comment":0,"_links":{"self":[{"href":"https:\/\/www.comunismulinromania.ro\/index.php\/wp-json\/wp\/v2\/posts\/12471","targetHints":{"allow":["GET"]}}],"collection":[{"href":"https:\/\/www.comunismulinromania.ro\/index.php\/wp-json\/wp\/v2\/posts"}],"about":[{"href":"https:\/\/www.comunismulinromania.ro\/index.php\/wp-json\/wp\/v2\/types\/post"}],"author":[{"embeddable":true,"href":"https:\/\/www.comunismulinromania.ro\/index.php\/wp-json\/wp\/v2\/users\/6"}],"replies":[{"embeddable":true,"href":"https:\/\/www.comunismulinromania.ro\/index.php\/wp-json\/wp\/v2\/comments?post=12471"}],"version-history":[{"count":3,"href":"https:\/\/www.comunismulinromania.ro\/index.php\/wp-json\/wp\/v2\/posts\/12471\/revisions"}],"predecessor-version":[{"id":12822,"href":"https:\/\/www.comunismulinromania.ro\/index.php\/wp-json\/wp\/v2\/posts\/12471\/revisions\/12822"}],"wp:featuredmedia":[{"embeddable":true,"href":"https:\/\/www.comunismulinromania.ro\/index.php\/wp-json\/wp\/v2\/media\/12472"}],"wp:attachment":[{"href":"https:\/\/www.comunismulinromania.ro\/index.php\/wp-json\/wp\/v2\/media?parent=12471"}],"wp:term":[{"taxonomy":"category","embeddable":true,"href":"https:\/\/www.comunismulinromania.ro\/index.php\/wp-json\/wp\/v2\/categories?post=12471"},{"taxonomy":"post_tag","embeddable":true,"href":"https:\/\/www.comunismulinromania.ro\/index.php\/wp-json\/wp\/v2\/tags?post=12471"}],"curies":[{"name":"wp","href":"https:\/\/api.w.org\/{rel}","templated":true}]}}