{"id":12468,"date":"2020-12-29T12:48:50","date_gmt":"2020-12-29T10:48:50","guid":{"rendered":"http:\/\/www.comunismulinromania.ro\/?p=12468"},"modified":"2023-04-05T15:00:29","modified_gmt":"2023-04-05T12:00:29","slug":"grup-de-intelectuali-in-mijlocul-carora-se-afla-ecaterina-arbore-bucuresti-1-mai-1924-muzeul-p-c-r-nr-inv-25197","status":"publish","type":"post","link":"https:\/\/www.comunismulinromania.ro\/index.php\/grup-de-intelectuali-in-mijlocul-carora-se-afla-ecaterina-arbore-bucuresti-1-mai-1924-muzeul-p-c-r-nr-inv-25197\/","title":{"rendered":"Grup de intelectuali \u00een mijlocul c\u0103rora se afl\u0103 Ecaterina Arbore, Bucure\u015fti, 1 mai 1924, Muzeul P.C.R., nr. inv. 25197"},"content":{"rendered":"<p>[vc_row][vc_column css=&#8221;.vc_custom_1680695892897{padding-top: 2% !important;padding-bottom: 2% !important;}&#8221;][vc_single_image image=&#8221;12469&#8243; alignment=&#8221;center&#8221; onclick=&#8221;img_link_large&#8221;][\/vc_column][\/vc_row]<\/p>\n","protected":false},"excerpt":{"rendered":"<p>[vc_row][vc_column css=&#8221;.vc_custom_1680695892897{padding-top: 2% !important;padding-bottom: 2% !important;}&#8221;][vc_single_image image=&#8221;12469&#8243; alignment=&#8221;center&#8221; onclick=&#8221;img_link_large&#8221;][\/vc_column][\/vc_row]<\/p>\n","protected":false},"author":6,"featured_media":12469,"comment_status":"closed","ping_status":"closed","sticky":true,"template":"","format":"standard","meta":{"_exactmetrics_skip_tracking":false,"_exactmetrics_sitenote_active":false,"_exactmetrics_sitenote_note":"","_exactmetrics_sitenote_category":0,"footnotes":""},"categories":[64],"tags":[],"class_list":["post-12468","post","type-post","status-publish","format-standard","has-post-thumbnail","hentry","category-ilegalisti"],"gutentor_comment":0,"_links":{"self":[{"href":"https:\/\/www.comunismulinromania.ro\/index.php\/wp-json\/wp\/v2\/posts\/12468","targetHints":{"allow":["GET"]}}],"collection":[{"href":"https:\/\/www.comunismulinromania.ro\/index.php\/wp-json\/wp\/v2\/posts"}],"about":[{"href":"https:\/\/www.comunismulinromania.ro\/index.php\/wp-json\/wp\/v2\/types\/post"}],"author":[{"embeddable":true,"href":"https:\/\/www.comunismulinromania.ro\/index.php\/wp-json\/wp\/v2\/users\/6"}],"replies":[{"embeddable":true,"href":"https:\/\/www.comunismulinromania.ro\/index.php\/wp-json\/wp\/v2\/comments?post=12468"}],"version-history":[{"count":3,"href":"https:\/\/www.comunismulinromania.ro\/index.php\/wp-json\/wp\/v2\/posts\/12468\/revisions"}],"predecessor-version":[{"id":12825,"href":"https:\/\/www.comunismulinromania.ro\/index.php\/wp-json\/wp\/v2\/posts\/12468\/revisions\/12825"}],"wp:featuredmedia":[{"embeddable":true,"href":"https:\/\/www.comunismulinromania.ro\/index.php\/wp-json\/wp\/v2\/media\/12469"}],"wp:attachment":[{"href":"https:\/\/www.comunismulinromania.ro\/index.php\/wp-json\/wp\/v2\/media?parent=12468"}],"wp:term":[{"taxonomy":"category","embeddable":true,"href":"https:\/\/www.comunismulinromania.ro\/index.php\/wp-json\/wp\/v2\/categories?post=12468"},{"taxonomy":"post_tag","embeddable":true,"href":"https:\/\/www.comunismulinromania.ro\/index.php\/wp-json\/wp\/v2\/tags?post=12468"}],"curies":[{"name":"wp","href":"https:\/\/api.w.org\/{rel}","templated":true}]}}