{"id":12289,"date":"2020-04-13T14:41:00","date_gmt":"2020-04-13T11:41:00","guid":{"rendered":"http:\/\/www.comunismulinromania.ro\/?p=12289"},"modified":"2023-04-05T15:07:15","modified_gmt":"2023-04-05T12:07:15","slug":"telegrama-adresata-lui-stefan-voitec-ministrul-educatiei-nationale-de-catre-invatatorii-din-husi-1945-muzeul-pcr-nr-inv-26097","status":"publish","type":"post","link":"https:\/\/www.comunismulinromania.ro\/index.php\/telegrama-adresata-lui-stefan-voitec-ministrul-educatiei-nationale-de-catre-invatatorii-din-husi-1945-muzeul-pcr-nr-inv-26097\/","title":{"rendered":"Telegram\u0103 adresat\u0103 lui \u015etefan Voitec, ministrul Educa\u0163iei Na\u0163ionale, de c\u0103tre \u00eenv\u0103\u0163\u0103torii din Hu\u015fi, 1945, Muzeul PCR, nr. inv. 26097"},"content":{"rendered":"<p>[vc_row][vc_column css=&#8221;.vc_custom_1680696428823{padding-top: 2% !important;}&#8221;][vc_single_image image=&#8221;12290&#8243; alignment=&#8221;center&#8221; onclick=&#8221;img_link_large&#8221;][\/vc_column][\/vc_row]<\/p>\n","protected":false},"excerpt":{"rendered":"<p>[vc_row][vc_column css=&#8221;.vc_custom_1680696428823{padding-top: 2% !important;}&#8221;][vc_single_image image=&#8221;12290&#8243; alignment=&#8221;center&#8221; onclick=&#8221;img_link_large&#8221;][\/vc_column][\/vc_row]<\/p>\n","protected":false},"author":6,"featured_media":12290,"comment_status":"closed","ping_status":"closed","sticky":true,"template":"","format":"standard","meta":{"_exactmetrics_skip_tracking":false,"_exactmetrics_sitenote_active":false,"_exactmetrics_sitenote_note":"","_exactmetrics_sitenote_category":0,"footnotes":""},"categories":[62],"tags":[],"class_list":["post-12289","post","type-post","status-publish","format-standard","has-post-thumbnail","hentry","category-educatie-stiinta-cultura"],"gutentor_comment":0,"_links":{"self":[{"href":"https:\/\/www.comunismulinromania.ro\/index.php\/wp-json\/wp\/v2\/posts\/12289","targetHints":{"allow":["GET"]}}],"collection":[{"href":"https:\/\/www.comunismulinromania.ro\/index.php\/wp-json\/wp\/v2\/posts"}],"about":[{"href":"https:\/\/www.comunismulinromania.ro\/index.php\/wp-json\/wp\/v2\/types\/post"}],"author":[{"embeddable":true,"href":"https:\/\/www.comunismulinromania.ro\/index.php\/wp-json\/wp\/v2\/users\/6"}],"replies":[{"embeddable":true,"href":"https:\/\/www.comunismulinromania.ro\/index.php\/wp-json\/wp\/v2\/comments?post=12289"}],"version-history":[{"count":2,"href":"https:\/\/www.comunismulinromania.ro\/index.php\/wp-json\/wp\/v2\/posts\/12289\/revisions"}],"predecessor-version":[{"id":12834,"href":"https:\/\/www.comunismulinromania.ro\/index.php\/wp-json\/wp\/v2\/posts\/12289\/revisions\/12834"}],"wp:featuredmedia":[{"embeddable":true,"href":"https:\/\/www.comunismulinromania.ro\/index.php\/wp-json\/wp\/v2\/media\/12290"}],"wp:attachment":[{"href":"https:\/\/www.comunismulinromania.ro\/index.php\/wp-json\/wp\/v2\/media?parent=12289"}],"wp:term":[{"taxonomy":"category","embeddable":true,"href":"https:\/\/www.comunismulinromania.ro\/index.php\/wp-json\/wp\/v2\/categories?post=12289"},{"taxonomy":"post_tag","embeddable":true,"href":"https:\/\/www.comunismulinromania.ro\/index.php\/wp-json\/wp\/v2\/tags?post=12289"}],"curies":[{"name":"wp","href":"https:\/\/api.w.org\/{rel}","templated":true}]}}