{"id":12283,"date":"2020-04-13T14:35:04","date_gmt":"2020-04-13T11:35:04","guid":{"rendered":"http:\/\/www.comunismulinromania.ro\/?p=12283"},"modified":"2023-04-05T15:09:41","modified_gmt":"2023-04-05T12:09:41","slug":"telegrama-adresata-lui-stefan-voitec-ministrul-educatiei-nationale-de-invatatorimea-romana-si-maghiara-din-judetul-mures-tg-mures-1945-muzeul-pcr-nr-inv-26095","status":"publish","type":"post","link":"https:\/\/www.comunismulinromania.ro\/index.php\/telegrama-adresata-lui-stefan-voitec-ministrul-educatiei-nationale-de-invatatorimea-romana-si-maghiara-din-judetul-mures-tg-mures-1945-muzeul-pcr-nr-inv-26095\/","title":{"rendered":"Telegram\u0103 adresat\u0103 lui \u015etefan Voitec, ministrul Educa\u0163iei Na\u0163ionale de \u00eenv\u0103\u021b\u0103torimea rom\u00e2n\u0103 \u0219i maghiar\u0103 din jude\u021bul Mure\u0219, Tg. Mure\u015f, 1945, Muzeul PCR, nr. inv. 26095"},"content":{"rendered":"<p>[vc_row][vc_column][vc_single_image image=&#8221;12284&#8243; alignment=&#8221;center&#8221; onclick=&#8221;img_link_large&#8221; css=&#8221;.vc_custom_1680696567584{padding-bottom: 2% !important;}&#8221;][\/vc_column][\/vc_row]<\/p>\n","protected":false},"excerpt":{"rendered":"<p>[vc_row][vc_column][vc_single_image image=&#8221;12284&#8243; alignment=&#8221;center&#8221; onclick=&#8221;img_link_large&#8221; css=&#8221;.vc_custom_1680696567584{padding-bottom: 2% !important;}&#8221;][\/vc_column][\/vc_row]<\/p>\n","protected":false},"author":6,"featured_media":12284,"comment_status":"closed","ping_status":"closed","sticky":true,"template":"","format":"standard","meta":{"_exactmetrics_skip_tracking":false,"_exactmetrics_sitenote_active":false,"_exactmetrics_sitenote_note":"","_exactmetrics_sitenote_category":0,"footnotes":""},"categories":[62],"tags":[],"class_list":["post-12283","post","type-post","status-publish","format-standard","has-post-thumbnail","hentry","category-educatie-stiinta-cultura"],"gutentor_comment":0,"_links":{"self":[{"href":"https:\/\/www.comunismulinromania.ro\/index.php\/wp-json\/wp\/v2\/posts\/12283","targetHints":{"allow":["GET"]}}],"collection":[{"href":"https:\/\/www.comunismulinromania.ro\/index.php\/wp-json\/wp\/v2\/posts"}],"about":[{"href":"https:\/\/www.comunismulinromania.ro\/index.php\/wp-json\/wp\/v2\/types\/post"}],"author":[{"embeddable":true,"href":"https:\/\/www.comunismulinromania.ro\/index.php\/wp-json\/wp\/v2\/users\/6"}],"replies":[{"embeddable":true,"href":"https:\/\/www.comunismulinromania.ro\/index.php\/wp-json\/wp\/v2\/comments?post=12283"}],"version-history":[{"count":2,"href":"https:\/\/www.comunismulinromania.ro\/index.php\/wp-json\/wp\/v2\/posts\/12283\/revisions"}],"predecessor-version":[{"id":12838,"href":"https:\/\/www.comunismulinromania.ro\/index.php\/wp-json\/wp\/v2\/posts\/12283\/revisions\/12838"}],"wp:featuredmedia":[{"embeddable":true,"href":"https:\/\/www.comunismulinromania.ro\/index.php\/wp-json\/wp\/v2\/media\/12284"}],"wp:attachment":[{"href":"https:\/\/www.comunismulinromania.ro\/index.php\/wp-json\/wp\/v2\/media?parent=12283"}],"wp:term":[{"taxonomy":"category","embeddable":true,"href":"https:\/\/www.comunismulinromania.ro\/index.php\/wp-json\/wp\/v2\/categories?post=12283"},{"taxonomy":"post_tag","embeddable":true,"href":"https:\/\/www.comunismulinromania.ro\/index.php\/wp-json\/wp\/v2\/tags?post=12283"}],"curies":[{"name":"wp","href":"https:\/\/api.w.org\/{rel}","templated":true}]}}