{"id":12270,"date":"2020-04-13T14:22:02","date_gmt":"2020-04-13T11:22:02","guid":{"rendered":"http:\/\/www.comunismulinromania.ro\/?p=12270"},"modified":"2023-04-05T15:24:27","modified_gmt":"2023-04-05T12:24:27","slug":"telegrama-adresata-lui-stefan-voitec-ministrul-educatiei-nationale-de-catre-adunarea-agronomilor-cu-privire-la-un-memoriu-al-acestora-bucuresti-1947muzeul-pcr-nr-inv-26091","status":"publish","type":"post","link":"https:\/\/www.comunismulinromania.ro\/index.php\/telegrama-adresata-lui-stefan-voitec-ministrul-educatiei-nationale-de-catre-adunarea-agronomilor-cu-privire-la-un-memoriu-al-acestora-bucuresti-1947muzeul-pcr-nr-inv-26091\/","title":{"rendered":"Telegram\u0103 adresat\u0103 lui \u015etefan Voitec, ministrul Educa\u0163iei Na\u0163ionale, de c\u0103tre Adunarea Agronomilor, cu privire la un memoriu al acestora, Bucure\u015fti, 1947,Muzeul PCR, nr. inv. 26091"},"content":{"rendered":"<p>[vc_row][vc_column css=&#8221;.vc_custom_1680697423590{padding-bottom: 2% !important;}&#8221;][vc_single_image image=&#8221;12271&#8243; alignment=&#8221;center&#8221; onclick=&#8221;img_link_large&#8221;][\/vc_column][\/vc_row]<\/p>\n","protected":false},"excerpt":{"rendered":"<p>[vc_row][vc_column css=&#8221;.vc_custom_1680697423590{padding-bottom: 2% !important;}&#8221;][vc_single_image image=&#8221;12271&#8243; alignment=&#8221;center&#8221; onclick=&#8221;img_link_large&#8221;][\/vc_column][\/vc_row]<\/p>\n","protected":false},"author":6,"featured_media":12271,"comment_status":"closed","ping_status":"closed","sticky":true,"template":"","format":"standard","meta":{"_exactmetrics_skip_tracking":false,"_exactmetrics_sitenote_active":false,"_exactmetrics_sitenote_note":"","_exactmetrics_sitenote_category":0,"footnotes":""},"categories":[62],"tags":[],"class_list":["post-12270","post","type-post","status-publish","format-standard","has-post-thumbnail","hentry","category-educatie-stiinta-cultura"],"gutentor_comment":0,"_links":{"self":[{"href":"https:\/\/www.comunismulinromania.ro\/index.php\/wp-json\/wp\/v2\/posts\/12270","targetHints":{"allow":["GET"]}}],"collection":[{"href":"https:\/\/www.comunismulinromania.ro\/index.php\/wp-json\/wp\/v2\/posts"}],"about":[{"href":"https:\/\/www.comunismulinromania.ro\/index.php\/wp-json\/wp\/v2\/types\/post"}],"author":[{"embeddable":true,"href":"https:\/\/www.comunismulinromania.ro\/index.php\/wp-json\/wp\/v2\/users\/6"}],"replies":[{"embeddable":true,"href":"https:\/\/www.comunismulinromania.ro\/index.php\/wp-json\/wp\/v2\/comments?post=12270"}],"version-history":[{"count":1,"href":"https:\/\/www.comunismulinromania.ro\/index.php\/wp-json\/wp\/v2\/posts\/12270\/revisions"}],"predecessor-version":[{"id":12844,"href":"https:\/\/www.comunismulinromania.ro\/index.php\/wp-json\/wp\/v2\/posts\/12270\/revisions\/12844"}],"wp:featuredmedia":[{"embeddable":true,"href":"https:\/\/www.comunismulinromania.ro\/index.php\/wp-json\/wp\/v2\/media\/12271"}],"wp:attachment":[{"href":"https:\/\/www.comunismulinromania.ro\/index.php\/wp-json\/wp\/v2\/media?parent=12270"}],"wp:term":[{"taxonomy":"category","embeddable":true,"href":"https:\/\/www.comunismulinromania.ro\/index.php\/wp-json\/wp\/v2\/categories?post=12270"},{"taxonomy":"post_tag","embeddable":true,"href":"https:\/\/www.comunismulinromania.ro\/index.php\/wp-json\/wp\/v2\/tags?post=12270"}],"curies":[{"name":"wp","href":"https:\/\/api.w.org\/{rel}","templated":true}]}}