{"id":12267,"date":"2020-04-13T14:17:48","date_gmt":"2020-04-13T11:17:48","guid":{"rendered":"http:\/\/www.comunismulinromania.ro\/?p=12267"},"modified":"2023-04-05T15:25:33","modified_gmt":"2023-04-05T12:25:33","slug":"telegrama-adresata-lui-stefan-voitec-ministrul-educatiei-nationale-cu-privire-la-deplasarea-elevilor-pentru-a-sustine-examenul-de-bacalaureat-de-catre-barna-chis-si-bogdan-stan-oradea-1946-muzeu","status":"publish","type":"post","link":"https:\/\/www.comunismulinromania.ro\/index.php\/telegrama-adresata-lui-stefan-voitec-ministrul-educatiei-nationale-cu-privire-la-deplasarea-elevilor-pentru-a-sustine-examenul-de-bacalaureat-de-catre-barna-chis-si-bogdan-stan-oradea-1946-muzeu\/","title":{"rendered":"Telegram\u0103 adresat\u0103 lui \u015etefan Voitec, ministrul Educa\u0163iei Na\u0163ionale, cu privire la deplasarea elevilor pentru a sus\u021bine examenul de bacalaureat, de c\u0103tre Barna Chi\u015f \u015fi Bogdan Stan, Oradea, 1946, Muzeul PCR, nr. inv. 26090"},"content":{"rendered":"<p>[vc_row][vc_column css=&#8221;.vc_custom_1680697532264{padding-top: 2% !important;}&#8221;][vc_single_image image=&#8221;12268&#8243; alignment=&#8221;center&#8221; onclick=&#8221;img_link_large&#8221;][\/vc_column][\/vc_row]<\/p>\n","protected":false},"excerpt":{"rendered":"<p>[vc_row][vc_column css=&#8221;.vc_custom_1680697532264{padding-top: 2% !important;}&#8221;][vc_single_image image=&#8221;12268&#8243; alignment=&#8221;center&#8221; onclick=&#8221;img_link_large&#8221;][\/vc_column][\/vc_row]<\/p>\n","protected":false},"author":6,"featured_media":12268,"comment_status":"closed","ping_status":"closed","sticky":true,"template":"","format":"standard","meta":{"_exactmetrics_skip_tracking":false,"_exactmetrics_sitenote_active":false,"_exactmetrics_sitenote_note":"","_exactmetrics_sitenote_category":0,"footnotes":""},"categories":[62],"tags":[],"class_list":["post-12267","post","type-post","status-publish","format-standard","has-post-thumbnail","hentry","category-educatie-stiinta-cultura"],"gutentor_comment":0,"_links":{"self":[{"href":"https:\/\/www.comunismulinromania.ro\/index.php\/wp-json\/wp\/v2\/posts\/12267","targetHints":{"allow":["GET"]}}],"collection":[{"href":"https:\/\/www.comunismulinromania.ro\/index.php\/wp-json\/wp\/v2\/posts"}],"about":[{"href":"https:\/\/www.comunismulinromania.ro\/index.php\/wp-json\/wp\/v2\/types\/post"}],"author":[{"embeddable":true,"href":"https:\/\/www.comunismulinromania.ro\/index.php\/wp-json\/wp\/v2\/users\/6"}],"replies":[{"embeddable":true,"href":"https:\/\/www.comunismulinromania.ro\/index.php\/wp-json\/wp\/v2\/comments?post=12267"}],"version-history":[{"count":1,"href":"https:\/\/www.comunismulinromania.ro\/index.php\/wp-json\/wp\/v2\/posts\/12267\/revisions"}],"predecessor-version":[{"id":12845,"href":"https:\/\/www.comunismulinromania.ro\/index.php\/wp-json\/wp\/v2\/posts\/12267\/revisions\/12845"}],"wp:featuredmedia":[{"embeddable":true,"href":"https:\/\/www.comunismulinromania.ro\/index.php\/wp-json\/wp\/v2\/media\/12268"}],"wp:attachment":[{"href":"https:\/\/www.comunismulinromania.ro\/index.php\/wp-json\/wp\/v2\/media?parent=12267"}],"wp:term":[{"taxonomy":"category","embeddable":true,"href":"https:\/\/www.comunismulinromania.ro\/index.php\/wp-json\/wp\/v2\/categories?post=12267"},{"taxonomy":"post_tag","embeddable":true,"href":"https:\/\/www.comunismulinromania.ro\/index.php\/wp-json\/wp\/v2\/tags?post=12267"}],"curies":[{"name":"wp","href":"https:\/\/api.w.org\/{rel}","templated":true}]}}