{"id":12108,"date":"2020-03-24T15:52:49","date_gmt":"2020-03-24T13:52:49","guid":{"rendered":"http:\/\/www.comunismulinromania.ro\/?p=12108"},"modified":"2023-04-20T12:19:40","modified_gmt":"2023-04-20T09:19:40","slug":"invitatie-la-adunarea-solemna-dedicata-implinirii-a-30-de-ani-de-la-luptele-muncitorilor-ceferisti-si-petrolisti-din-1933-15-februarie-1963-sala-palatului-bucuresti-muzeul-pcr-nr-inv-25898","status":"publish","type":"post","link":"https:\/\/www.comunismulinromania.ro\/index.php\/invitatie-la-adunarea-solemna-dedicata-implinirii-a-30-de-ani-de-la-luptele-muncitorilor-ceferisti-si-petrolisti-din-1933-15-februarie-1963-sala-palatului-bucuresti-muzeul-pcr-nr-inv-25898\/","title":{"rendered":"Invita\u021bie la Adunarea solemn\u0103 dedicat\u0103 \u00eemplinirii a 30 de ani de la luptele muncitorilor ceferi\u0219ti \u0219i petroli\u0219ti din 1933, 15 februarie 1963, Sala Palatului, Bucure\u0219ti, Muzeul PCR, nr. inv. 25898"},"content":{"rendered":"<p>[vc_row][vc_column][vc_single_image image=&#8221;12109&#8243; alignment=&#8221;center&#8221; onclick=&#8221;img_link_large&#8221; css=&#8221;.vc_custom_1681982378691{padding-top: 2% !important;padding-bottom: 2% !important;}&#8221;][\/vc_column][\/vc_row]<\/p>\n","protected":false},"excerpt":{"rendered":"<p>[vc_row][vc_column][vc_single_image image=&#8221;12109&#8243; alignment=&#8221;center&#8221; onclick=&#8221;img_link_large&#8221; css=&#8221;.vc_custom_1681982378691{padding-top: 2% !important;padding-bottom: 2% !important;}&#8221;][\/vc_column][\/vc_row]<\/p>\n","protected":false},"author":6,"featured_media":12109,"comment_status":"closed","ping_status":"closed","sticky":false,"template":"","format":"standard","meta":{"_exactmetrics_skip_tracking":false,"_exactmetrics_sitenote_active":false,"_exactmetrics_sitenote_note":"","_exactmetrics_sitenote_category":0,"footnotes":""},"categories":[60],"tags":[],"class_list":["post-12108","post","type-post","status-publish","format-standard","has-post-thumbnail","hentry","category-diferite-aspecte-ale-vietii-politice"],"gutentor_comment":0,"_links":{"self":[{"href":"https:\/\/www.comunismulinromania.ro\/index.php\/wp-json\/wp\/v2\/posts\/12108","targetHints":{"allow":["GET"]}}],"collection":[{"href":"https:\/\/www.comunismulinromania.ro\/index.php\/wp-json\/wp\/v2\/posts"}],"about":[{"href":"https:\/\/www.comunismulinromania.ro\/index.php\/wp-json\/wp\/v2\/types\/post"}],"author":[{"embeddable":true,"href":"https:\/\/www.comunismulinromania.ro\/index.php\/wp-json\/wp\/v2\/users\/6"}],"replies":[{"embeddable":true,"href":"https:\/\/www.comunismulinromania.ro\/index.php\/wp-json\/wp\/v2\/comments?post=12108"}],"version-history":[{"count":1,"href":"https:\/\/www.comunismulinromania.ro\/index.php\/wp-json\/wp\/v2\/posts\/12108\/revisions"}],"predecessor-version":[{"id":12906,"href":"https:\/\/www.comunismulinromania.ro\/index.php\/wp-json\/wp\/v2\/posts\/12108\/revisions\/12906"}],"wp:featuredmedia":[{"embeddable":true,"href":"https:\/\/www.comunismulinromania.ro\/index.php\/wp-json\/wp\/v2\/media\/12109"}],"wp:attachment":[{"href":"https:\/\/www.comunismulinromania.ro\/index.php\/wp-json\/wp\/v2\/media?parent=12108"}],"wp:term":[{"taxonomy":"category","embeddable":true,"href":"https:\/\/www.comunismulinromania.ro\/index.php\/wp-json\/wp\/v2\/categories?post=12108"},{"taxonomy":"post_tag","embeddable":true,"href":"https:\/\/www.comunismulinromania.ro\/index.php\/wp-json\/wp\/v2\/tags?post=12108"}],"curies":[{"name":"wp","href":"https:\/\/api.w.org\/{rel}","templated":true}]}}