{"id":12105,"date":"2020-03-24T15:43:49","date_gmt":"2020-03-24T13:43:49","guid":{"rendered":"http:\/\/www.comunismulinromania.ro\/?p=12105"},"modified":"2023-04-20T12:21:31","modified_gmt":"2023-04-20T09:21:31","slug":"casa-appell-din-strada-doamnei-fostul-sediu-al-partidului-muncitoresc-condus-de-ion-nadejde-pani-in-1899-bucuresti-muzeul-pcr-nr-inv-25909","status":"publish","type":"post","link":"https:\/\/www.comunismulinromania.ro\/index.php\/casa-appell-din-strada-doamnei-fostul-sediu-al-partidului-muncitoresc-condus-de-ion-nadejde-pani-in-1899-bucuresti-muzeul-pcr-nr-inv-25909\/","title":{"rendered":"Casa Appell din Strada Doamnei, fostul sediu al Partidului Muncitoresc condus de Ion N\u00e3dejde p\u00e2n\u00ee \u00een 1899, Bucure\u015fti, Muzeul PCR, nr. inv. 25909"},"content":{"rendered":"<p>[vc_row][vc_column][vc_single_image image=&#8221;12106&#8243; alignment=&#8221;center&#8221; onclick=&#8221;img_link_large&#8221; css=&#8221;.vc_custom_1681982435107{padding-top: 2% !important;padding-bottom: 2% !important;}&#8221;][\/vc_column][\/vc_row]<\/p>\n","protected":false},"excerpt":{"rendered":"<p>[vc_row][vc_column][vc_single_image image=&#8221;12106&#8243; alignment=&#8221;center&#8221; onclick=&#8221;img_link_large&#8221; css=&#8221;.vc_custom_1681982435107{padding-top: 2% !important;padding-bottom: 2% !important;}&#8221;][\/vc_column][\/vc_row]<\/p>\n","protected":false},"author":6,"featured_media":12106,"comment_status":"closed","ping_status":"closed","sticky":true,"template":"","format":"standard","meta":{"_exactmetrics_skip_tracking":false,"_exactmetrics_sitenote_active":false,"_exactmetrics_sitenote_note":"","_exactmetrics_sitenote_category":0,"footnotes":""},"categories":[54],"tags":[],"class_list":["post-12105","post","type-post","status-publish","format-standard","has-post-thumbnail","hentry","category-amintiri-din-comunism"],"gutentor_comment":0,"_links":{"self":[{"href":"https:\/\/www.comunismulinromania.ro\/index.php\/wp-json\/wp\/v2\/posts\/12105","targetHints":{"allow":["GET"]}}],"collection":[{"href":"https:\/\/www.comunismulinromania.ro\/index.php\/wp-json\/wp\/v2\/posts"}],"about":[{"href":"https:\/\/www.comunismulinromania.ro\/index.php\/wp-json\/wp\/v2\/types\/post"}],"author":[{"embeddable":true,"href":"https:\/\/www.comunismulinromania.ro\/index.php\/wp-json\/wp\/v2\/users\/6"}],"replies":[{"embeddable":true,"href":"https:\/\/www.comunismulinromania.ro\/index.php\/wp-json\/wp\/v2\/comments?post=12105"}],"version-history":[{"count":3,"href":"https:\/\/www.comunismulinromania.ro\/index.php\/wp-json\/wp\/v2\/posts\/12105\/revisions"}],"predecessor-version":[{"id":12909,"href":"https:\/\/www.comunismulinromania.ro\/index.php\/wp-json\/wp\/v2\/posts\/12105\/revisions\/12909"}],"wp:featuredmedia":[{"embeddable":true,"href":"https:\/\/www.comunismulinromania.ro\/index.php\/wp-json\/wp\/v2\/media\/12106"}],"wp:attachment":[{"href":"https:\/\/www.comunismulinromania.ro\/index.php\/wp-json\/wp\/v2\/media?parent=12105"}],"wp:term":[{"taxonomy":"category","embeddable":true,"href":"https:\/\/www.comunismulinromania.ro\/index.php\/wp-json\/wp\/v2\/categories?post=12105"},{"taxonomy":"post_tag","embeddable":true,"href":"https:\/\/www.comunismulinromania.ro\/index.php\/wp-json\/wp\/v2\/tags?post=12105"}],"curies":[{"name":"wp","href":"https:\/\/api.w.org\/{rel}","templated":true}]}}