{"id":12058,"date":"2020-03-23T17:09:53","date_gmt":"2020-03-23T15:09:53","guid":{"rendered":"http:\/\/www.comunismulinromania.ro\/?p=12058"},"modified":"2023-04-20T12:39:14","modified_gmt":"2023-04-20T09:39:14","slug":"fotografie-cu-tineri-din-judetul-galati-pe-santiere-ale-tineretului-din-judet-1980-muzeul-p-c-r-nr-inv-25864","status":"publish","type":"post","link":"https:\/\/www.comunismulinromania.ro\/index.php\/fotografie-cu-tineri-din-judetul-galati-pe-santiere-ale-tineretului-din-judet-1980-muzeul-p-c-r-nr-inv-25864\/","title":{"rendered":"Fotografie cu tineri din jude\u0163ul Gala\u0163i pe \u015fantiere ale tineretului din jude\u0163, 1980, Muzeul P.C.R., nr. inv. 25864"},"content":{"rendered":"<p>[vc_row][vc_column][vc_single_image image=&#8221;12059&#8243; alignment=&#8221;center&#8221; onclick=&#8221;img_link_large&#8221; css=&#8221;.vc_custom_1681983529844{padding-top: 2% !important;padding-bottom: 2% !important;}&#8221;][\/vc_column][\/vc_row]<\/p>\n","protected":false},"excerpt":{"rendered":"<p>[vc_row][vc_column][vc_single_image image=&#8221;12059&#8243; alignment=&#8221;center&#8221; onclick=&#8221;img_link_large&#8221; css=&#8221;.vc_custom_1681983529844{padding-top: 2% !important;padding-bottom: 2% !important;}&#8221;][\/vc_column][\/vc_row]<\/p>\n","protected":false},"author":6,"featured_media":12059,"comment_status":"closed","ping_status":"closed","sticky":true,"template":"","format":"standard","meta":{"_exactmetrics_skip_tracking":false,"_exactmetrics_sitenote_active":false,"_exactmetrics_sitenote_note":"","_exactmetrics_sitenote_category":0,"footnotes":""},"categories":[72],"tags":[],"class_list":["post-12058","post","type-post","status-publish","format-standard","has-post-thumbnail","hentry","category-santierele-patriei"],"gutentor_comment":0,"_links":{"self":[{"href":"https:\/\/www.comunismulinromania.ro\/index.php\/wp-json\/wp\/v2\/posts\/12058","targetHints":{"allow":["GET"]}}],"collection":[{"href":"https:\/\/www.comunismulinromania.ro\/index.php\/wp-json\/wp\/v2\/posts"}],"about":[{"href":"https:\/\/www.comunismulinromania.ro\/index.php\/wp-json\/wp\/v2\/types\/post"}],"author":[{"embeddable":true,"href":"https:\/\/www.comunismulinromania.ro\/index.php\/wp-json\/wp\/v2\/users\/6"}],"replies":[{"embeddable":true,"href":"https:\/\/www.comunismulinromania.ro\/index.php\/wp-json\/wp\/v2\/comments?post=12058"}],"version-history":[{"count":1,"href":"https:\/\/www.comunismulinromania.ro\/index.php\/wp-json\/wp\/v2\/posts\/12058\/revisions"}],"predecessor-version":[{"id":12924,"href":"https:\/\/www.comunismulinromania.ro\/index.php\/wp-json\/wp\/v2\/posts\/12058\/revisions\/12924"}],"wp:featuredmedia":[{"embeddable":true,"href":"https:\/\/www.comunismulinromania.ro\/index.php\/wp-json\/wp\/v2\/media\/12059"}],"wp:attachment":[{"href":"https:\/\/www.comunismulinromania.ro\/index.php\/wp-json\/wp\/v2\/media?parent=12058"}],"wp:term":[{"taxonomy":"category","embeddable":true,"href":"https:\/\/www.comunismulinromania.ro\/index.php\/wp-json\/wp\/v2\/categories?post=12058"},{"taxonomy":"post_tag","embeddable":true,"href":"https:\/\/www.comunismulinromania.ro\/index.php\/wp-json\/wp\/v2\/tags?post=12058"}],"curies":[{"name":"wp","href":"https:\/\/api.w.org\/{rel}","templated":true}]}}