{"id":11805,"date":"2020-01-21T17:06:27","date_gmt":"2020-01-21T15:06:27","guid":{"rendered":"http:\/\/www.comunismulinromania.ro\/?p=11805"},"modified":"2023-04-20T14:12:22","modified_gmt":"2023-04-20T11:12:22","slug":"intalnirea-dintre-erich-honecher-si-n-ceausescu-la-conferinta-partidelor-comuniste-si-muncitoresti-din-europa-berlin-30-iunie-1976-muzeul-p-c-r-nr-inv-25390-a","status":"publish","type":"post","link":"https:\/\/www.comunismulinromania.ro\/index.php\/intalnirea-dintre-erich-honecher-si-n-ceausescu-la-conferinta-partidelor-comuniste-si-muncitoresti-din-europa-berlin-30-iunie-1976-muzeul-p-c-r-nr-inv-25390-a\/","title":{"rendered":"\u00cent\u00e2lnirea dintre Erich Honecher \u015fi N. Ceau\u015fescu la Conferin\u0163a Partidelor Comuniste \u015fi Muncitore\u015fti din Europa, Berlin, 30 iunie 1976, Muzeul P.C.R., nr. inv. 25390 a"},"content":{"rendered":"<p>[vc_row][vc_column][vc_single_image image=&#8221;11806&#8243; alignment=&#8221;center&#8221; onclick=&#8221;img_link_large&#8221; css=&#8221;.vc_custom_1681989141434{padding-top: 2% !important;padding-bottom: 2% !important;}&#8221;][\/vc_column][\/vc_row]<\/p>\n","protected":false},"excerpt":{"rendered":"<p>[vc_row][vc_column][vc_single_image image=&#8221;11806&#8243; alignment=&#8221;center&#8221; onclick=&#8221;img_link_large&#8221; css=&#8221;.vc_custom_1681989141434{padding-top: 2% !important;padding-bottom: 2% !important;}&#8221;][\/vc_column][\/vc_row]<\/p>\n","protected":false},"author":6,"featured_media":11806,"comment_status":"closed","ping_status":"closed","sticky":true,"template":"","format":"standard","meta":{"_exactmetrics_skip_tracking":false,"_exactmetrics_sitenote_active":false,"_exactmetrics_sitenote_note":"","_exactmetrics_sitenote_category":0,"footnotes":""},"categories":[69],"tags":[],"class_list":["post-11805","post","type-post","status-publish","format-standard","has-post-thumbnail","hentry","category-politica-externa"],"gutentor_comment":0,"_links":{"self":[{"href":"https:\/\/www.comunismulinromania.ro\/index.php\/wp-json\/wp\/v2\/posts\/11805","targetHints":{"allow":["GET"]}}],"collection":[{"href":"https:\/\/www.comunismulinromania.ro\/index.php\/wp-json\/wp\/v2\/posts"}],"about":[{"href":"https:\/\/www.comunismulinromania.ro\/index.php\/wp-json\/wp\/v2\/types\/post"}],"author":[{"embeddable":true,"href":"https:\/\/www.comunismulinromania.ro\/index.php\/wp-json\/wp\/v2\/users\/6"}],"replies":[{"embeddable":true,"href":"https:\/\/www.comunismulinromania.ro\/index.php\/wp-json\/wp\/v2\/comments?post=11805"}],"version-history":[{"count":1,"href":"https:\/\/www.comunismulinromania.ro\/index.php\/wp-json\/wp\/v2\/posts\/11805\/revisions"}],"predecessor-version":[{"id":13023,"href":"https:\/\/www.comunismulinromania.ro\/index.php\/wp-json\/wp\/v2\/posts\/11805\/revisions\/13023"}],"wp:featuredmedia":[{"embeddable":true,"href":"https:\/\/www.comunismulinromania.ro\/index.php\/wp-json\/wp\/v2\/media\/11806"}],"wp:attachment":[{"href":"https:\/\/www.comunismulinromania.ro\/index.php\/wp-json\/wp\/v2\/media?parent=11805"}],"wp:term":[{"taxonomy":"category","embeddable":true,"href":"https:\/\/www.comunismulinromania.ro\/index.php\/wp-json\/wp\/v2\/categories?post=11805"},{"taxonomy":"post_tag","embeddable":true,"href":"https:\/\/www.comunismulinromania.ro\/index.php\/wp-json\/wp\/v2\/tags?post=11805"}],"curies":[{"name":"wp","href":"https:\/\/api.w.org\/{rel}","templated":true}]}}