{"id":11475,"date":"2018-03-29T17:01:58","date_gmt":"2018-03-29T14:01:58","guid":{"rendered":"http:\/\/www.comunismulinromania.ro\/?p=11475"},"modified":"2023-04-26T11:30:13","modified_gmt":"2023-04-26T08:30:13","slug":"membrii-delegatiei-romane-pt-semnarea-tratatului-de-pace-de-la-paris-intrand-in-sala-orologiului-februarie-1947-muzeul-p-c-r-nr-inv-1253","status":"publish","type":"post","link":"https:\/\/www.comunismulinromania.ro\/index.php\/membrii-delegatiei-romane-pt-semnarea-tratatului-de-pace-de-la-paris-intrand-in-sala-orologiului-februarie-1947-muzeul-p-c-r-nr-inv-1253\/","title":{"rendered":"Membrii delega\u0163iei rom\u00e2ne pt.semnarea Tratatului de Pace de la Paris intr\u00e2nd \u00een Sala Orologiului, \u00een prim plan Gh. T\u0103t\u0103rescu, generalul D. D\u0103m\u0103ceanu, Dimitri Dem. Dim\u0103ncescu, Lucre\u021biu P\u0103tr\u0103\u0219canu, \u0218tefan Voitec, februarie 1947 (Muzeul P.C.R., nr. inv. 1253)"},"content":{"rendered":"<p>[vc_row][vc_column][vc_single_image image=&#8221;11476&#8243; alignment=&#8221;center&#8221; onclick=&#8221;img_link_large&#8221; css=&#8221;.vc_custom_1682497812289{padding-top: 2% !important;padding-bottom: 2% !important;}&#8221;][\/vc_column][\/vc_row]<\/p>\n","protected":false},"excerpt":{"rendered":"<p>[vc_row][vc_column][vc_single_image image=&#8221;11476&#8243; alignment=&#8221;center&#8221; onclick=&#8221;img_link_large&#8221; css=&#8221;.vc_custom_1682497812289{padding-top: 2% !important;padding-bottom: 2% !important;}&#8221;][\/vc_column][\/vc_row]<\/p>\n","protected":false},"author":6,"featured_media":11476,"comment_status":"closed","ping_status":"closed","sticky":false,"template":"","format":"standard","meta":{"_exactmetrics_skip_tracking":false,"_exactmetrics_sitenote_active":false,"_exactmetrics_sitenote_note":"","_exactmetrics_sitenote_category":0,"footnotes":""},"categories":[69],"tags":[],"class_list":["post-11475","post","type-post","status-publish","format-standard","has-post-thumbnail","hentry","category-politica-externa"],"gutentor_comment":0,"_links":{"self":[{"href":"https:\/\/www.comunismulinromania.ro\/index.php\/wp-json\/wp\/v2\/posts\/11475","targetHints":{"allow":["GET"]}}],"collection":[{"href":"https:\/\/www.comunismulinromania.ro\/index.php\/wp-json\/wp\/v2\/posts"}],"about":[{"href":"https:\/\/www.comunismulinromania.ro\/index.php\/wp-json\/wp\/v2\/types\/post"}],"author":[{"embeddable":true,"href":"https:\/\/www.comunismulinromania.ro\/index.php\/wp-json\/wp\/v2\/users\/6"}],"replies":[{"embeddable":true,"href":"https:\/\/www.comunismulinromania.ro\/index.php\/wp-json\/wp\/v2\/comments?post=11475"}],"version-history":[{"count":1,"href":"https:\/\/www.comunismulinromania.ro\/index.php\/wp-json\/wp\/v2\/posts\/11475\/revisions"}],"predecessor-version":[{"id":13155,"href":"https:\/\/www.comunismulinromania.ro\/index.php\/wp-json\/wp\/v2\/posts\/11475\/revisions\/13155"}],"wp:featuredmedia":[{"embeddable":true,"href":"https:\/\/www.comunismulinromania.ro\/index.php\/wp-json\/wp\/v2\/media\/11476"}],"wp:attachment":[{"href":"https:\/\/www.comunismulinromania.ro\/index.php\/wp-json\/wp\/v2\/media?parent=11475"}],"wp:term":[{"taxonomy":"category","embeddable":true,"href":"https:\/\/www.comunismulinromania.ro\/index.php\/wp-json\/wp\/v2\/categories?post=11475"},{"taxonomy":"post_tag","embeddable":true,"href":"https:\/\/www.comunismulinromania.ro\/index.php\/wp-json\/wp\/v2\/tags?post=11475"}],"curies":[{"name":"wp","href":"https:\/\/api.w.org\/{rel}","templated":true}]}}