{"id":11390,"date":"2018-03-18T23:28:10","date_gmt":"2018-03-18T21:28:10","guid":{"rendered":"http:\/\/www.comunismulinromania.ro\/?p=11390"},"modified":"2023-04-26T12:09:44","modified_gmt":"2023-04-26T09:09:44","slug":"delegatia-romana-in-fata-palatului-luxembourg-printe-altii-lucretiu-patrascanu-muzeul-p-c-r-nr-inv-1245","status":"publish","type":"post","link":"https:\/\/www.comunismulinromania.ro\/index.php\/delegatia-romana-in-fata-palatului-luxembourg-printe-altii-lucretiu-patrascanu-muzeul-p-c-r-nr-inv-1245\/","title":{"rendered":"Delega\u0163ia rom\u00e2n\u0103 \u00een fa\u0163a Palatului Luxembourg, printre delega\u021bi Lucre\u021biu P\u0103tr\u0103\u0219canu, Dimitri Dem. Dim\u0103ncescu (cu servieta \u00een m\u00e2n\u0103), Gh. Gheorghiu-Dej, colonelul D\u0103m\u0103ceanu (Muzeul P.C.R., nr. inv.1245)"},"content":{"rendered":"<p>[vc_row][vc_column][vc_single_image image=&#8221;11391&#8243; alignment=&#8221;center&#8221; onclick=&#8221;img_link_large&#8221; css=&#8221;.vc_custom_1682500183371{padding-top: 2% !important;padding-bottom: 2% !important;}&#8221;][\/vc_column][\/vc_row]<\/p>\n","protected":false},"excerpt":{"rendered":"<p>[vc_row][vc_column][vc_single_image image=&#8221;11391&#8243; alignment=&#8221;center&#8221; onclick=&#8221;img_link_large&#8221; css=&#8221;.vc_custom_1682500183371{padding-top: 2% !important;padding-bottom: 2% !important;}&#8221;][\/vc_column][\/vc_row]<\/p>\n","protected":false},"author":6,"featured_media":11391,"comment_status":"closed","ping_status":"closed","sticky":false,"template":"","format":"standard","meta":{"_exactmetrics_skip_tracking":false,"_exactmetrics_sitenote_active":false,"_exactmetrics_sitenote_note":"","_exactmetrics_sitenote_category":0,"footnotes":""},"categories":[69],"tags":[],"class_list":["post-11390","post","type-post","status-publish","format-standard","has-post-thumbnail","hentry","category-politica-externa"],"gutentor_comment":0,"_links":{"self":[{"href":"https:\/\/www.comunismulinromania.ro\/index.php\/wp-json\/wp\/v2\/posts\/11390","targetHints":{"allow":["GET"]}}],"collection":[{"href":"https:\/\/www.comunismulinromania.ro\/index.php\/wp-json\/wp\/v2\/posts"}],"about":[{"href":"https:\/\/www.comunismulinromania.ro\/index.php\/wp-json\/wp\/v2\/types\/post"}],"author":[{"embeddable":true,"href":"https:\/\/www.comunismulinromania.ro\/index.php\/wp-json\/wp\/v2\/users\/6"}],"replies":[{"embeddable":true,"href":"https:\/\/www.comunismulinromania.ro\/index.php\/wp-json\/wp\/v2\/comments?post=11390"}],"version-history":[{"count":1,"href":"https:\/\/www.comunismulinromania.ro\/index.php\/wp-json\/wp\/v2\/posts\/11390\/revisions"}],"predecessor-version":[{"id":13175,"href":"https:\/\/www.comunismulinromania.ro\/index.php\/wp-json\/wp\/v2\/posts\/11390\/revisions\/13175"}],"wp:featuredmedia":[{"embeddable":true,"href":"https:\/\/www.comunismulinromania.ro\/index.php\/wp-json\/wp\/v2\/media\/11391"}],"wp:attachment":[{"href":"https:\/\/www.comunismulinromania.ro\/index.php\/wp-json\/wp\/v2\/media?parent=11390"}],"wp:term":[{"taxonomy":"category","embeddable":true,"href":"https:\/\/www.comunismulinromania.ro\/index.php\/wp-json\/wp\/v2\/categories?post=11390"},{"taxonomy":"post_tag","embeddable":true,"href":"https:\/\/www.comunismulinromania.ro\/index.php\/wp-json\/wp\/v2\/tags?post=11390"}],"curies":[{"name":"wp","href":"https:\/\/api.w.org\/{rel}","templated":true}]}}