{"id":10793,"date":"2017-03-30T11:00:31","date_gmt":"2017-03-30T08:00:31","guid":{"rendered":"http:\/\/www.comunismulinromania.ro\/?p=10793"},"modified":"2023-05-10T13:43:09","modified_gmt":"2023-05-10T10:43:09","slug":"10-februarie-1974-bucuresti-sarbatorirea-lui-emil-bodnaras-cu-ocazia-implinirii-a-70-de-ani","status":"publish","type":"post","link":"https:\/\/www.comunismulinromania.ro\/index.php\/10-februarie-1974-bucuresti-sarbatorirea-lui-emil-bodnaras-cu-ocazia-implinirii-a-70-de-ani\/","title":{"rendered":"10 februarie 1974, Bucure\u015fti. S\u0103rb\u0103torirea lui Emil Bodn\u0103ra\u015f cu ocazia \u00eemplinirii a 70 de ani"},"content":{"rendered":"<p>[vc_row][vc_column][vc_media_grid grid_id=&#8221;vc_gid:1683715380985-8e117c1e-2a6b-7&#8243; include=&#8221;10794,10795,10796,10797,10798,10799,10800&#8243; css=&#8221;.vc_custom_1683715388562{padding-bottom: 2% !important;}&#8221;][\/vc_column][\/vc_row]<\/p>\n","protected":false},"excerpt":{"rendered":"<p>[vc_row][vc_column][vc_media_grid grid_id=&#8221;vc_gid:1683715380985-8e117c1e-2a6b-7&#8243; include=&#8221;10794,10795,10796,10797,10798,10799,10800&#8243; css=&#8221;.vc_custom_1683715388562{padding-bottom: 2% !important;}&#8221;][\/vc_column][\/vc_row]<\/p>\n","protected":false},"author":6,"featured_media":10800,"comment_status":"closed","ping_status":"closed","sticky":false,"template":"","format":"standard","meta":{"_exactmetrics_skip_tracking":false,"_exactmetrics_sitenote_active":false,"_exactmetrics_sitenote_note":"","_exactmetrics_sitenote_category":0,"footnotes":""},"categories":[68],"tags":[],"class_list":["post-10793","post","type-post","status-publish","format-standard","has-post-thumbnail","hentry","category-nomenclatura"],"gutentor_comment":0,"_links":{"self":[{"href":"https:\/\/www.comunismulinromania.ro\/index.php\/wp-json\/wp\/v2\/posts\/10793","targetHints":{"allow":["GET"]}}],"collection":[{"href":"https:\/\/www.comunismulinromania.ro\/index.php\/wp-json\/wp\/v2\/posts"}],"about":[{"href":"https:\/\/www.comunismulinromania.ro\/index.php\/wp-json\/wp\/v2\/types\/post"}],"author":[{"embeddable":true,"href":"https:\/\/www.comunismulinromania.ro\/index.php\/wp-json\/wp\/v2\/users\/6"}],"replies":[{"embeddable":true,"href":"https:\/\/www.comunismulinromania.ro\/index.php\/wp-json\/wp\/v2\/comments?post=10793"}],"version-history":[{"count":1,"href":"https:\/\/www.comunismulinromania.ro\/index.php\/wp-json\/wp\/v2\/posts\/10793\/revisions"}],"predecessor-version":[{"id":13354,"href":"https:\/\/www.comunismulinromania.ro\/index.php\/wp-json\/wp\/v2\/posts\/10793\/revisions\/13354"}],"wp:featuredmedia":[{"embeddable":true,"href":"https:\/\/www.comunismulinromania.ro\/index.php\/wp-json\/wp\/v2\/media\/10800"}],"wp:attachment":[{"href":"https:\/\/www.comunismulinromania.ro\/index.php\/wp-json\/wp\/v2\/media?parent=10793"}],"wp:term":[{"taxonomy":"category","embeddable":true,"href":"https:\/\/www.comunismulinromania.ro\/index.php\/wp-json\/wp\/v2\/categories?post=10793"},{"taxonomy":"post_tag","embeddable":true,"href":"https:\/\/www.comunismulinromania.ro\/index.php\/wp-json\/wp\/v2\/tags?post=10793"}],"curies":[{"name":"wp","href":"https:\/\/api.w.org\/{rel}","templated":true}]}}