{"id":10727,"date":"2017-03-26T18:39:34","date_gmt":"2017-03-26T15:39:34","guid":{"rendered":"http:\/\/www.comunismulinromania.ro\/?p=10727"},"modified":"2023-05-12T11:22:42","modified_gmt":"2023-05-12T08:22:42","slug":"8-noiembrie-1973-bucuresti-constituirea-comitetului-national-pentru-congresul-mondial-al-populatiei","status":"publish","type":"post","link":"https:\/\/www.comunismulinromania.ro\/index.php\/8-noiembrie-1973-bucuresti-constituirea-comitetului-national-pentru-congresul-mondial-al-populatiei\/","title":{"rendered":"8 noiembrie 1973, Bucure\u015fti. Constituirea Comitetului Na\u0163ional pentru Congresul Mondial al Popula\u0163iei"},"content":{"rendered":"<p>[vc_row][vc_column][vc_media_grid grid_id=&#8221;vc_gid:1683879750086-7cfdce74-cdc7-7&#8243; include=&#8221;10728,10729,10730,10731,10732,10733,10734,10735,10736&#8243; css=&#8221;.vc_custom_1683879760198{padding-bottom: 2% !important;}&#8221;][\/vc_column][\/vc_row]<\/p>\n","protected":false},"excerpt":{"rendered":"<p>[vc_row][vc_column][vc_media_grid grid_id=&#8221;vc_gid:1683879750086-7cfdce74-cdc7-7&#8243; include=&#8221;10728,10729,10730,10731,10732,10733,10734,10735,10736&#8243; css=&#8221;.vc_custom_1683879760198{padding-bottom: 2% !important;}&#8221;][\/vc_column][\/vc_row]<\/p>\n","protected":false},"author":6,"featured_media":10735,"comment_status":"closed","ping_status":"closed","sticky":false,"template":"","format":"standard","meta":{"_exactmetrics_skip_tracking":false,"_exactmetrics_sitenote_active":false,"_exactmetrics_sitenote_note":"","_exactmetrics_sitenote_category":0,"footnotes":""},"categories":[68],"tags":[],"class_list":["post-10727","post","type-post","status-publish","format-standard","has-post-thumbnail","hentry","category-nomenclatura"],"gutentor_comment":0,"_links":{"self":[{"href":"https:\/\/www.comunismulinromania.ro\/index.php\/wp-json\/wp\/v2\/posts\/10727","targetHints":{"allow":["GET"]}}],"collection":[{"href":"https:\/\/www.comunismulinromania.ro\/index.php\/wp-json\/wp\/v2\/posts"}],"about":[{"href":"https:\/\/www.comunismulinromania.ro\/index.php\/wp-json\/wp\/v2\/types\/post"}],"author":[{"embeddable":true,"href":"https:\/\/www.comunismulinromania.ro\/index.php\/wp-json\/wp\/v2\/users\/6"}],"replies":[{"embeddable":true,"href":"https:\/\/www.comunismulinromania.ro\/index.php\/wp-json\/wp\/v2\/comments?post=10727"}],"version-history":[{"count":2,"href":"https:\/\/www.comunismulinromania.ro\/index.php\/wp-json\/wp\/v2\/posts\/10727\/revisions"}],"predecessor-version":[{"id":13363,"href":"https:\/\/www.comunismulinromania.ro\/index.php\/wp-json\/wp\/v2\/posts\/10727\/revisions\/13363"}],"wp:featuredmedia":[{"embeddable":true,"href":"https:\/\/www.comunismulinromania.ro\/index.php\/wp-json\/wp\/v2\/media\/10735"}],"wp:attachment":[{"href":"https:\/\/www.comunismulinromania.ro\/index.php\/wp-json\/wp\/v2\/media?parent=10727"}],"wp:term":[{"taxonomy":"category","embeddable":true,"href":"https:\/\/www.comunismulinromania.ro\/index.php\/wp-json\/wp\/v2\/categories?post=10727"},{"taxonomy":"post_tag","embeddable":true,"href":"https:\/\/www.comunismulinromania.ro\/index.php\/wp-json\/wp\/v2\/tags?post=10727"}],"curies":[{"name":"wp","href":"https:\/\/api.w.org\/{rel}","templated":true}]}}