{"id":10616,"date":"2017-03-19T22:57:46","date_gmt":"2017-03-19T20:57:46","guid":{"rendered":"http:\/\/www.comunismulinromania.ro\/?p=10616"},"modified":"2023-05-12T11:27:48","modified_gmt":"2023-05-12T08:27:48","slug":"16-aprilie-1974-primirea-membrilor-comitetului-executiv-al-uniunii-interparlamentare-bucuresti-in-imagini-i-gh-maurer-e-bodnaras-n-si-elena-ceausescu","status":"publish","type":"post","link":"https:\/\/www.comunismulinromania.ro\/index.php\/16-aprilie-1974-primirea-membrilor-comitetului-executiv-al-uniunii-interparlamentare-bucuresti-in-imagini-i-gh-maurer-e-bodnaras-n-si-elena-ceausescu\/","title":{"rendered":"12 martie 1974, Bucure\u0219ti. \u00centoarcerea lui N.Ceau\u015fescu din vizita f\u0103cut\u0103 \u00een Liberia, Argentina \u015fi Guineea"},"content":{"rendered":"<p>[vc_row][vc_column][vc_media_grid grid_id=&#8221;vc_gid:1683880035986-c8245ee4-0d39-7&#8243; include=&#8221;10617,10618&#8243; css=&#8221;.vc_custom_1683880065506{padding-bottom: 2% !important;}&#8221;][\/vc_column][\/vc_row]<\/p>\n","protected":false},"excerpt":{"rendered":"<p>[vc_row][vc_column][vc_media_grid grid_id=&#8221;vc_gid:1683880035986-c8245ee4-0d39-7&#8243; include=&#8221;10617,10618&#8243; css=&#8221;.vc_custom_1683880065506{padding-bottom: 2% !important;}&#8221;][\/vc_column][\/vc_row]<\/p>\n","protected":false},"author":6,"featured_media":10617,"comment_status":"closed","ping_status":"closed","sticky":false,"template":"","format":"standard","meta":{"_exactmetrics_skip_tracking":false,"_exactmetrics_sitenote_active":false,"_exactmetrics_sitenote_note":"","_exactmetrics_sitenote_category":0,"footnotes":""},"categories":[68],"tags":[],"class_list":["post-10616","post","type-post","status-publish","format-standard","has-post-thumbnail","hentry","category-nomenclatura"],"gutentor_comment":0,"_links":{"self":[{"href":"https:\/\/www.comunismulinromania.ro\/index.php\/wp-json\/wp\/v2\/posts\/10616","targetHints":{"allow":["GET"]}}],"collection":[{"href":"https:\/\/www.comunismulinromania.ro\/index.php\/wp-json\/wp\/v2\/posts"}],"about":[{"href":"https:\/\/www.comunismulinromania.ro\/index.php\/wp-json\/wp\/v2\/types\/post"}],"author":[{"embeddable":true,"href":"https:\/\/www.comunismulinromania.ro\/index.php\/wp-json\/wp\/v2\/users\/6"}],"replies":[{"embeddable":true,"href":"https:\/\/www.comunismulinromania.ro\/index.php\/wp-json\/wp\/v2\/comments?post=10616"}],"version-history":[{"count":2,"href":"https:\/\/www.comunismulinromania.ro\/index.php\/wp-json\/wp\/v2\/posts\/10616\/revisions"}],"predecessor-version":[{"id":13387,"href":"https:\/\/www.comunismulinromania.ro\/index.php\/wp-json\/wp\/v2\/posts\/10616\/revisions\/13387"}],"wp:featuredmedia":[{"embeddable":true,"href":"https:\/\/www.comunismulinromania.ro\/index.php\/wp-json\/wp\/v2\/media\/10617"}],"wp:attachment":[{"href":"https:\/\/www.comunismulinromania.ro\/index.php\/wp-json\/wp\/v2\/media?parent=10616"}],"wp:term":[{"taxonomy":"category","embeddable":true,"href":"https:\/\/www.comunismulinromania.ro\/index.php\/wp-json\/wp\/v2\/categories?post=10616"},{"taxonomy":"post_tag","embeddable":true,"href":"https:\/\/www.comunismulinromania.ro\/index.php\/wp-json\/wp\/v2\/tags?post=10616"}],"curies":[{"name":"wp","href":"https:\/\/api.w.org\/{rel}","templated":true}]}}