{"id":10540,"date":"2017-03-15T14:10:22","date_gmt":"2017-03-15T12:10:22","guid":{"rendered":"http:\/\/www.comunismulinromania.ro\/?p=10540"},"modified":"2023-05-12T11:33:26","modified_gmt":"2023-05-12T08:33:26","slug":"1-2-februarie-1969-intalnirea-dintre-nicolae-ceausescu-si-iosip-broz-tito-in-imagine-si-emil-bodnaras-si-chivu-stoica","status":"publish","type":"post","link":"https:\/\/www.comunismulinromania.ro\/index.php\/1-2-februarie-1969-intalnirea-dintre-nicolae-ceausescu-si-iosip-broz-tito-in-imagine-si-emil-bodnaras-si-chivu-stoica\/","title":{"rendered":"1-2 februarie 1969. \u00cent\u00e2lnirea dintre Nicolae Ceau\u015fescu \u015fi Iosip Broz Tito, \u00een imagine \u0219i Emil Bodn\u0103ra\u0219  \u0219i Chivu Stoica"},"content":{"rendered":"<p>[vc_row][vc_column][vc_single_image image=&#8221;10541&#8243; alignment=&#8221;center&#8221; onclick=&#8221;img_link_large&#8221; css=&#8221;.vc_custom_1683880399658{padding-bottom: 2% !important;}&#8221;][\/vc_column][\/vc_row]<\/p>\n","protected":false},"excerpt":{"rendered":"<p>[vc_row][vc_column][vc_single_image image=&#8221;10541&#8243; alignment=&#8221;center&#8221; onclick=&#8221;img_link_large&#8221; css=&#8221;.vc_custom_1683880399658{padding-bottom: 2% !important;}&#8221;][\/vc_column][\/vc_row]<\/p>\n","protected":false},"author":6,"featured_media":10541,"comment_status":"closed","ping_status":"closed","sticky":false,"template":"","format":"standard","meta":{"_exactmetrics_skip_tracking":false,"_exactmetrics_sitenote_active":false,"_exactmetrics_sitenote_note":"","_exactmetrics_sitenote_category":0,"footnotes":""},"categories":[69],"tags":[],"class_list":["post-10540","post","type-post","status-publish","format-standard","has-post-thumbnail","hentry","category-politica-externa"],"gutentor_comment":0,"_links":{"self":[{"href":"https:\/\/www.comunismulinromania.ro\/index.php\/wp-json\/wp\/v2\/posts\/10540","targetHints":{"allow":["GET"]}}],"collection":[{"href":"https:\/\/www.comunismulinromania.ro\/index.php\/wp-json\/wp\/v2\/posts"}],"about":[{"href":"https:\/\/www.comunismulinromania.ro\/index.php\/wp-json\/wp\/v2\/types\/post"}],"author":[{"embeddable":true,"href":"https:\/\/www.comunismulinromania.ro\/index.php\/wp-json\/wp\/v2\/users\/6"}],"replies":[{"embeddable":true,"href":"https:\/\/www.comunismulinromania.ro\/index.php\/wp-json\/wp\/v2\/comments?post=10540"}],"version-history":[{"count":2,"href":"https:\/\/www.comunismulinromania.ro\/index.php\/wp-json\/wp\/v2\/posts\/10540\/revisions"}],"predecessor-version":[{"id":13405,"href":"https:\/\/www.comunismulinromania.ro\/index.php\/wp-json\/wp\/v2\/posts\/10540\/revisions\/13405"}],"wp:featuredmedia":[{"embeddable":true,"href":"https:\/\/www.comunismulinromania.ro\/index.php\/wp-json\/wp\/v2\/media\/10541"}],"wp:attachment":[{"href":"https:\/\/www.comunismulinromania.ro\/index.php\/wp-json\/wp\/v2\/media?parent=10540"}],"wp:term":[{"taxonomy":"category","embeddable":true,"href":"https:\/\/www.comunismulinromania.ro\/index.php\/wp-json\/wp\/v2\/categories?post=10540"},{"taxonomy":"post_tag","embeddable":true,"href":"https:\/\/www.comunismulinromania.ro\/index.php\/wp-json\/wp\/v2\/tags?post=10540"}],"curies":[{"name":"wp","href":"https:\/\/api.w.org\/{rel}","templated":true}]}}