{"id":10427,"date":"2017-03-07T15:39:21","date_gmt":"2017-03-07T13:39:21","guid":{"rendered":"http:\/\/www.comunismulinromania.ro\/?p=10427"},"modified":"2023-05-12T11:41:49","modified_gmt":"2023-05-12T08:41:49","slug":"15-21-decembrie-1974-vizita-in-romania-a-delegatiei-frontului-eliberarii-frelimo-din-mozambic-in-frunte-cu-presedintele-acestuiasamora-machel","status":"publish","type":"post","link":"https:\/\/www.comunismulinromania.ro\/index.php\/15-21-decembrie-1974-vizita-in-romania-a-delegatiei-frontului-eliberarii-frelimo-din-mozambic-in-frunte-cu-presedintele-acestuiasamora-machel\/","title":{"rendered":"15-21 decembrie 1974. Vizita \u00een Rom\u00e2nia a delega\u0163iei Frontului Eliber\u0103rii (FRELIMO) din Mozambic \u00een frunte cu pre\u0219edintele acestuia,Samora Machel"},"content":{"rendered":"<p>[vc_row][vc_column][vc_media_grid grid_id=&#8221;vc_gid:1683880899407-0f2f3d0a-b04b-6&#8243; include=&#8221;10428,10429,10430,10431,10432,10433,10434,10435&#8243; css=&#8221;.vc_custom_1683880906897{padding-bottom: 2% !important;}&#8221;][\/vc_column][\/vc_row]<\/p>\n","protected":false},"excerpt":{"rendered":"<p>[vc_row][vc_column][vc_media_grid grid_id=&#8221;vc_gid:1683880899407-0f2f3d0a-b04b-6&#8243; include=&#8221;10428,10429,10430,10431,10432,10433,10434,10435&#8243; css=&#8221;.vc_custom_1683880906897{padding-bottom: 2% !important;}&#8221;][\/vc_column][\/vc_row]<\/p>\n","protected":false},"author":6,"featured_media":10428,"comment_status":"closed","ping_status":"closed","sticky":false,"template":"","format":"standard","meta":{"_exactmetrics_skip_tracking":false,"_exactmetrics_sitenote_active":false,"_exactmetrics_sitenote_note":"","_exactmetrics_sitenote_category":0,"footnotes":""},"categories":[69],"tags":[],"class_list":["post-10427","post","type-post","status-publish","format-standard","has-post-thumbnail","hentry","category-politica-externa"],"gutentor_comment":0,"_links":{"self":[{"href":"https:\/\/www.comunismulinromania.ro\/index.php\/wp-json\/wp\/v2\/posts\/10427","targetHints":{"allow":["GET"]}}],"collection":[{"href":"https:\/\/www.comunismulinromania.ro\/index.php\/wp-json\/wp\/v2\/posts"}],"about":[{"href":"https:\/\/www.comunismulinromania.ro\/index.php\/wp-json\/wp\/v2\/types\/post"}],"author":[{"embeddable":true,"href":"https:\/\/www.comunismulinromania.ro\/index.php\/wp-json\/wp\/v2\/users\/6"}],"replies":[{"embeddable":true,"href":"https:\/\/www.comunismulinromania.ro\/index.php\/wp-json\/wp\/v2\/comments?post=10427"}],"version-history":[{"count":2,"href":"https:\/\/www.comunismulinromania.ro\/index.php\/wp-json\/wp\/v2\/posts\/10427\/revisions"}],"predecessor-version":[{"id":13433,"href":"https:\/\/www.comunismulinromania.ro\/index.php\/wp-json\/wp\/v2\/posts\/10427\/revisions\/13433"}],"wp:featuredmedia":[{"embeddable":true,"href":"https:\/\/www.comunismulinromania.ro\/index.php\/wp-json\/wp\/v2\/media\/10428"}],"wp:attachment":[{"href":"https:\/\/www.comunismulinromania.ro\/index.php\/wp-json\/wp\/v2\/media?parent=10427"}],"wp:term":[{"taxonomy":"category","embeddable":true,"href":"https:\/\/www.comunismulinromania.ro\/index.php\/wp-json\/wp\/v2\/categories?post=10427"},{"taxonomy":"post_tag","embeddable":true,"href":"https:\/\/www.comunismulinromania.ro\/index.php\/wp-json\/wp\/v2\/tags?post=10427"}],"curies":[{"name":"wp","href":"https:\/\/api.w.org\/{rel}","templated":true}]}}