{"id":10176,"date":"2017-02-19T18:32:25","date_gmt":"2017-02-19T16:32:25","guid":{"rendered":"http:\/\/www.comunismulinromania.ro\/?p=10176"},"modified":"2023-05-15T12:06:09","modified_gmt":"2023-05-15T09:06:09","slug":"6-martie-1970-aspecte-de-la-adunarea-populara-dedicata-aniversarii-a-25-de-ani-de-la-6-martie-1945-conducatorii-partidului-strabat-multimea","status":"publish","type":"post","link":"https:\/\/www.comunismulinromania.ro\/index.php\/6-martie-1970-aspecte-de-la-adunarea-populara-dedicata-aniversarii-a-25-de-ani-de-la-6-martie-1945-conducatorii-partidului-strabat-multimea\/","title":{"rendered":"6 martie 1970. Aspecte de la adunarea popular\u0103 dedicat\u0103 anivers\u0103rii a 25 de ani de la 6 martie 1945. Conduc\u0103torii partidului str\u0103bat mul\u021bimea"},"content":{"rendered":"<p>[vc_row][vc_column][vc_media_grid grid_id=&#8221;vc_gid:1684141561990-24614d30-c499-3&#8243; include=&#8221;10177,10178,10179&#8243; css=&#8221;.vc_custom_1684141568923{padding-bottom: 2% !important;}&#8221;][\/vc_column][\/vc_row]<\/p>\n","protected":false},"excerpt":{"rendered":"<p>[vc_row][vc_column][vc_media_grid grid_id=&#8221;vc_gid:1684141561990-24614d30-c499-3&#8243; include=&#8221;10177,10178,10179&#8243; css=&#8221;.vc_custom_1684141568923{padding-bottom: 2% !important;}&#8221;][\/vc_column][\/vc_row]<\/p>\n","protected":false},"author":6,"featured_media":10177,"comment_status":"closed","ping_status":"closed","sticky":false,"template":"","format":"standard","meta":{"_exactmetrics_skip_tracking":false,"_exactmetrics_sitenote_active":false,"_exactmetrics_sitenote_note":"","_exactmetrics_sitenote_category":0,"footnotes":""},"categories":[70],"tags":[],"class_list":["post-10176","post","type-post","status-publish","format-standard","has-post-thumbnail","hentry","category-propaganda"],"gutentor_comment":0,"_links":{"self":[{"href":"https:\/\/www.comunismulinromania.ro\/index.php\/wp-json\/wp\/v2\/posts\/10176","targetHints":{"allow":["GET"]}}],"collection":[{"href":"https:\/\/www.comunismulinromania.ro\/index.php\/wp-json\/wp\/v2\/posts"}],"about":[{"href":"https:\/\/www.comunismulinromania.ro\/index.php\/wp-json\/wp\/v2\/types\/post"}],"author":[{"embeddable":true,"href":"https:\/\/www.comunismulinromania.ro\/index.php\/wp-json\/wp\/v2\/users\/6"}],"replies":[{"embeddable":true,"href":"https:\/\/www.comunismulinromania.ro\/index.php\/wp-json\/wp\/v2\/comments?post=10176"}],"version-history":[{"count":2,"href":"https:\/\/www.comunismulinromania.ro\/index.php\/wp-json\/wp\/v2\/posts\/10176\/revisions"}],"predecessor-version":[{"id":13512,"href":"https:\/\/www.comunismulinromania.ro\/index.php\/wp-json\/wp\/v2\/posts\/10176\/revisions\/13512"}],"wp:featuredmedia":[{"embeddable":true,"href":"https:\/\/www.comunismulinromania.ro\/index.php\/wp-json\/wp\/v2\/media\/10177"}],"wp:attachment":[{"href":"https:\/\/www.comunismulinromania.ro\/index.php\/wp-json\/wp\/v2\/media?parent=10176"}],"wp:term":[{"taxonomy":"category","embeddable":true,"href":"https:\/\/www.comunismulinromania.ro\/index.php\/wp-json\/wp\/v2\/categories?post=10176"},{"taxonomy":"post_tag","embeddable":true,"href":"https:\/\/www.comunismulinromania.ro\/index.php\/wp-json\/wp\/v2\/tags?post=10176"}],"curies":[{"name":"wp","href":"https:\/\/api.w.org\/{rel}","templated":true}]}}